{"id":20753,"date":"2024-11-29T11:03:59","date_gmt":"2024-11-29T11:03:59","guid":{"rendered":"http:\/\/staging.ibermusicas.org\/?p=20753"},"modified":"2025-03-27T17:57:34","modified_gmt":"2025-03-27T17:57:34","slug":"anunciados-os-projetos-selecionados-da-terceira-edicao-do-premio-especial-brasil-ibermusicas","status":"publish","type":"post","link":"http:\/\/staging.ibermusicas.org\/index.php\/anunciados-os-projetos-selecionados-da-terceira-edicao-do-premio-especial-brasil-ibermusicas\/","title":{"rendered":"Anunciados os projetos selecionados da terceira edi\u00e7\u00e3o do Pr\u00eamio Especial Brasil &#8211; Iberm\u00fasicas"},"content":{"rendered":"<p>Com o objetivo de reconhecer e valorizar a dedica\u00e7\u00e3o de iniciativas que promovem e divulgam a m\u00fasica brasileira pelo mundo, foi realizada a terceira edi\u00e7\u00e3o do Pr\u00eamio Especial Brasil &#8211; Iberm\u00fasicas, distin\u00e7\u00e3o criada especialmente pelo Brasil.<\/p>\n<p>O objetivo deste pr\u00e9mio \u00e9 reconhecer os espa\u00e7os e projectos que, ao longo dos anos, t\u00eam contribu\u00eddo para o fortalecimento e a divulga\u00e7\u00e3o da diversificada tradi\u00e7\u00e3o musical brasileira. Festivais, exposi\u00e7\u00f5es, ciclos de m\u00fasica, salas de concerto, teatros, espa\u00e7os musicais e centros culturais, bem como r\u00e1dios, televis\u00f5es, web TV, podcasts, revistas e jornais que se dedicam \u00e0 divulga\u00e7\u00e3o da m\u00fasica brasileira de forma regular, s\u00e3o os principais benefici\u00e1rios deste pr\u00e9mio.<\/p>\n<p>Os projectos vencedores deste ano reflectem o impacto global da m\u00fasica brasileira e o trabalho constante daqueles que promovem o interc\u00e2mbio cultural e a visibilidade internacional da m\u00fasica brasileira.<\/p>\n<p>Podes ver os projectos vencedores\u00a0<a href=\"https:\/\/seleccionados.staging.ibermusicas.org\/pt\" target=\"_blank\" rel=\"noopener\">aqui<\/a><\/p>\n","protected":false},"excerpt":{"rendered":"<p>Com o objetivo de reconhecer e valorizar a dedica\u00e7\u00e3o de iniciativas que promovem e divulgam a m\u00fasica brasileira pelo mundo, foi realizada a terceira edi\u00e7\u00e3o do Pr\u00eamio Especial Brasil &#8211; Iberm\u00fasicas, distin\u00e7\u00e3o criada especialmente pelo Brasil. O objetivo deste pr\u00e9mio \u00e9 reconhecer os espa\u00e7os e projectos que, ao longo dos anos, t\u00eam contribu\u00eddo para o [&hellip;]<\/p>\n","protected":false},"author":7,"featured_media":20794,"comment_status":"closed","ping_status":"closed","sticky":false,"template":"","format":"standard","meta":{"footnotes":""},"categories":[218],"tags":[],"class_list":["post-20753","post","type-post","status-publish","format-standard","has-post-thumbnail","hentry","category-noticias-generales-pt"],"lang":"pt","translations":{"pt":20753},"pll_sync_post":[],"post_mailing_queue_ids":[],"_links":{"self":[{"href":"http:\/\/staging.ibermusicas.org\/index.php\/wp-json\/wp\/v2\/posts\/20753","targetHints":{"allow":["GET"]}}],"collection":[{"href":"http:\/\/staging.ibermusicas.org\/index.php\/wp-json\/wp\/v2\/posts"}],"about":[{"href":"http:\/\/staging.ibermusicas.org\/index.php\/wp-json\/wp\/v2\/types\/post"}],"author":[{"embeddable":true,"href":"http:\/\/staging.ibermusicas.org\/index.php\/wp-json\/wp\/v2\/users\/7"}],"replies":[{"embeddable":true,"href":"http:\/\/staging.ibermusicas.org\/index.php\/wp-json\/wp\/v2\/comments?post=20753"}],"version-history":[{"count":2,"href":"http:\/\/staging.ibermusicas.org\/index.php\/wp-json\/wp\/v2\/posts\/20753\/revisions"}],"predecessor-version":[{"id":20818,"href":"http:\/\/staging.ibermusicas.org\/index.php\/wp-json\/wp\/v2\/posts\/20753\/revisions\/20818"}],"wp:featuredmedia":[{"embeddable":true,"href":"http:\/\/staging.ibermusicas.org\/index.php\/wp-json\/wp\/v2\/media\/20794"}],"wp:attachment":[{"href":"http:\/\/staging.ibermusicas.org\/index.php\/wp-json\/wp\/v2\/media?parent=20753"}],"wp:term":[{"taxonomy":"category","embeddable":true,"href":"http:\/\/staging.ibermusicas.org\/index.php\/wp-json\/wp\/v2\/categories?post=20753"},{"taxonomy":"post_tag","embeddable":true,"href":"http:\/\/staging.ibermusicas.org\/index.php\/wp-json\/wp\/v2\/tags?post=20753"}],"curies":[{"name":"wp","href":"https:\/\/api.w.org\/{rel}","templated":true}]}}