{"id":20755,"date":"2024-11-29T11:03:01","date_gmt":"2024-11-29T11:03:01","guid":{"rendered":"http:\/\/staging.ibermusicas.org\/?p=20755"},"modified":"2025-03-27T17:52:28","modified_gmt":"2025-03-27T17:52:28","slug":"ibermusicas-anuncia-la-obra-ganadora-del-premio-peru-ibermusicas-100-anos-del-nacimiento-de-nicomedes-santa-cruz-creacion-de-cancion-en-decimas","status":"publish","type":"post","link":"http:\/\/staging.ibermusicas.org\/index.php\/ibermusicas-anuncia-la-obra-ganadora-del-premio-peru-ibermusicas-100-anos-del-nacimiento-de-nicomedes-santa-cruz-creacion-de-cancion-en-decimas\/","title":{"rendered":"Iberm\u00fasicas anuncia la obra ganadora del Premio Per\u00fa \u2013 Iberm\u00fasicas, 100 a\u00f1os del nacimiento de Nicomedes Santa Cruz \u2013 Creaci\u00f3n de canci\u00f3n en d\u00e9cimas"},"content":{"rendered":"<p>Nicomedes Santa Cruz, nacido el 4 de junio de 1925 en Lima, Per\u00fa, fue un destacado intelectual, poeta, folclorista y defensor de los derechos de la comunidad afroperuana. Su contribuci\u00f3n, a trav\u00e9s de la recopilaci\u00f3n y difusi\u00f3n de leyendas, cuentos y tradiciones orales afroperuanas, ha sido fundamental para el reconocimiento y la preservaci\u00f3n de la diversidad cultural del Per\u00fa.<\/p>\n<p>Con motivo de la conmemoraci\u00f3n de los cien a\u00f1os del nacimiento de Nicomedes Santa Cruz Gamarra, uno de los m\u00e1s grandes artistas y pensadores de la historia del Per\u00fa, el Ministerio de Cultura del Per\u00fa junto a Iberm\u00fasicas promovieron un concurso para premiar la creaci\u00f3n de una canci\u00f3n inspirada en su vasta obra musical y en su legado como defensor de la cultura afroperuana.<\/p>\n<p>Con este concurso, se busca no solo rendir homenaje a su legado, sino tambi\u00e9n incentivar la creaci\u00f3n de nuevas obras que enriquezcan el repertorio de la m\u00fasica popular iberoamericana.<\/p>\n<p>Tras la deliberaci\u00f3n del jurado, nos complace anunciar que la obra ganadora ser\u00e1 estrenada como parte de las actividades de conmemoraci\u00f3n. Puedes conocer la obra ganadora\u00a0<a href=\"https:\/\/seleccionados.staging.ibermusicas.org\/\" target=\"_blank\" rel=\"noopener\">aqu\u00ed<\/a>.<\/p>\n","protected":false},"excerpt":{"rendered":"<p>Nicomedes Santa Cruz, nacido el 4 de junio de 1925 en Lima, Per\u00fa, fue un destacado intelectual, poeta, folclorista y defensor de los derechos de la comunidad afroperuana. Su contribuci\u00f3n, a trav\u00e9s de la recopilaci\u00f3n y difusi\u00f3n de leyendas, cuentos y tradiciones orales afroperuanas, ha sido fundamental para el reconocimiento y la preservaci\u00f3n de la [&hellip;]<\/p>\n","protected":false},"author":7,"featured_media":20791,"comment_status":"closed","ping_status":"closed","sticky":false,"template":"","format":"standard","meta":{"footnotes":""},"categories":[53],"tags":[],"class_list":["post-20755","post","type-post","status-publish","format-standard","has-post-thumbnail","hentry","category-noticias-generales"],"lang":"es","translations":{"es":20755},"pll_sync_post":[],"post_mailing_queue_ids":[],"_links":{"self":[{"href":"http:\/\/staging.ibermusicas.org\/index.php\/wp-json\/wp\/v2\/posts\/20755","targetHints":{"allow":["GET"]}}],"collection":[{"href":"http:\/\/staging.ibermusicas.org\/index.php\/wp-json\/wp\/v2\/posts"}],"about":[{"href":"http:\/\/staging.ibermusicas.org\/index.php\/wp-json\/wp\/v2\/types\/post"}],"author":[{"embeddable":true,"href":"http:\/\/staging.ibermusicas.org\/index.php\/wp-json\/wp\/v2\/users\/7"}],"replies":[{"embeddable":true,"href":"http:\/\/staging.ibermusicas.org\/index.php\/wp-json\/wp\/v2\/comments?post=20755"}],"version-history":[{"count":2,"href":"http:\/\/staging.ibermusicas.org\/index.php\/wp-json\/wp\/v2\/posts\/20755\/revisions"}],"predecessor-version":[{"id":20811,"href":"http:\/\/staging.ibermusicas.org\/index.php\/wp-json\/wp\/v2\/posts\/20755\/revisions\/20811"}],"wp:featuredmedia":[{"embeddable":true,"href":"http:\/\/staging.ibermusicas.org\/index.php\/wp-json\/wp\/v2\/media\/20791"}],"wp:attachment":[{"href":"http:\/\/staging.ibermusicas.org\/index.php\/wp-json\/wp\/v2\/media?parent=20755"}],"wp:term":[{"taxonomy":"category","embeddable":true,"href":"http:\/\/staging.ibermusicas.org\/index.php\/wp-json\/wp\/v2\/categories?post=20755"},{"taxonomy":"post_tag","embeddable":true,"href":"http:\/\/staging.ibermusicas.org\/index.php\/wp-json\/wp\/v2\/tags?post=20755"}],"curies":[{"name":"wp","href":"https:\/\/api.w.org\/{rel}","templated":true}]}}