{"id":20757,"date":"2024-11-29T11:03:47","date_gmt":"2024-11-29T11:03:47","guid":{"rendered":"http:\/\/staging.ibermusicas.org\/?p=20757"},"modified":"2025-03-27T17:57:42","modified_gmt":"2025-03-27T17:57:42","slug":"ibermusicas-anuncia-a-cancao-vencedora-do-premio-peru-ibermusicas-100-anos-do-nascimento-de-nicomedes-santa-cruz-criacao-da-cancao-em-decimos-de-decada","status":"publish","type":"post","link":"http:\/\/staging.ibermusicas.org\/index.php\/ibermusicas-anuncia-a-cancao-vencedora-do-premio-peru-ibermusicas-100-anos-do-nascimento-de-nicomedes-santa-cruz-criacao-da-cancao-em-decimos-de-decada\/","title":{"rendered":"Iberm\u00fasicas anuncia a can\u00e7\u00e3o vencedora do Pr\u00eamio Peru &#8211; Iberm\u00fasicas, 100 anos do nascimento de Nicomedes Santa Cruz &#8211; Cria\u00e7\u00e3o da can\u00e7\u00e3o em d\u00e9cimos de d\u00e9cada"},"content":{"rendered":"<p>Nicomedes Santa Cruz, nascido a 4 de junho de 1925 em Lima, Peru, foi um not\u00e1vel intelectual, poeta, folclorista e defensor dos direitos da comunidade afro-peruana. O seu contributo, atrav\u00e9s da recolha e divulga\u00e7\u00e3o de lendas, contos e tradi\u00e7\u00f5es orais afro-peruanas, foi fundamental para o reconhecimento e a preserva\u00e7\u00e3o da diversidade cultural do Peru.<\/p>\n<p>Por ocasi\u00e3o da comemora\u00e7\u00e3o do centen\u00e1rio do nascimento de Nicomedes Santa Cruz Gamarra, um dos maiores artistas e pensadores da hist\u00f3ria do Peru, o Minist\u00e9rio da Cultura peruano, juntamente com o Programa Iberm\u00fasicas, promoveu um concurso para premiar a cria\u00e7\u00e3o de uma can\u00e7\u00e3o inspirada na sua vasta obra musical e no seu legado como defensor da cultura afro-peruana.<\/p>\n<p>O objetivo deste concurso \u00e9 n\u00e3o s\u00f3 prestar homenagem ao seu legado, mas tamb\u00e9m incentivar a cria\u00e7\u00e3o de novas obras que enrique\u00e7am o repert\u00f3rio da m\u00fasica popular ibero-americana.<\/p>\n<p>Ap\u00f3s a delibera\u00e7\u00e3o do j\u00fari, temos o prazer de anunciar que a obra vencedora ser\u00e1 estreada no \u00e2mbito das actividades de comemora\u00e7\u00e3o. Podes saber mais sobre a obra vencedora\u00a0<a href=\"https:\/\/seleccionados.staging.ibermusicas.org\/pt\" target=\"_blank\" rel=\"noopener\">aqui<\/a>.<\/p>\n","protected":false},"excerpt":{"rendered":"<p>Nicomedes Santa Cruz, nascido a 4 de junho de 1925 em Lima, Peru, foi um not\u00e1vel intelectual, poeta, folclorista e defensor dos direitos da comunidade afro-peruana. O seu contributo, atrav\u00e9s da recolha e divulga\u00e7\u00e3o de lendas, contos e tradi\u00e7\u00f5es orais afro-peruanas, foi fundamental para o reconhecimento e a preserva\u00e7\u00e3o da diversidade cultural do Peru. Por [&hellip;]<\/p>\n","protected":false},"author":7,"featured_media":20792,"comment_status":"closed","ping_status":"closed","sticky":false,"template":"","format":"standard","meta":{"footnotes":""},"categories":[218],"tags":[],"class_list":["post-20757","post","type-post","status-publish","format-standard","has-post-thumbnail","hentry","category-noticias-generales-pt"],"lang":"pt","translations":{"pt":20757},"pll_sync_post":[],"post_mailing_queue_ids":[],"_links":{"self":[{"href":"http:\/\/staging.ibermusicas.org\/index.php\/wp-json\/wp\/v2\/posts\/20757","targetHints":{"allow":["GET"]}}],"collection":[{"href":"http:\/\/staging.ibermusicas.org\/index.php\/wp-json\/wp\/v2\/posts"}],"about":[{"href":"http:\/\/staging.ibermusicas.org\/index.php\/wp-json\/wp\/v2\/types\/post"}],"author":[{"embeddable":true,"href":"http:\/\/staging.ibermusicas.org\/index.php\/wp-json\/wp\/v2\/users\/7"}],"replies":[{"embeddable":true,"href":"http:\/\/staging.ibermusicas.org\/index.php\/wp-json\/wp\/v2\/comments?post=20757"}],"version-history":[{"count":2,"href":"http:\/\/staging.ibermusicas.org\/index.php\/wp-json\/wp\/v2\/posts\/20757\/revisions"}],"predecessor-version":[{"id":20817,"href":"http:\/\/staging.ibermusicas.org\/index.php\/wp-json\/wp\/v2\/posts\/20757\/revisions\/20817"}],"wp:featuredmedia":[{"embeddable":true,"href":"http:\/\/staging.ibermusicas.org\/index.php\/wp-json\/wp\/v2\/media\/20792"}],"wp:attachment":[{"href":"http:\/\/staging.ibermusicas.org\/index.php\/wp-json\/wp\/v2\/media?parent=20757"}],"wp:term":[{"taxonomy":"category","embeddable":true,"href":"http:\/\/staging.ibermusicas.org\/index.php\/wp-json\/wp\/v2\/categories?post=20757"},{"taxonomy":"post_tag","embeddable":true,"href":"http:\/\/staging.ibermusicas.org\/index.php\/wp-json\/wp\/v2\/tags?post=20757"}],"curies":[{"name":"wp","href":"https:\/\/api.w.org\/{rel}","templated":true}]}}