{"id":20759,"date":"2024-11-29T11:02:10","date_gmt":"2024-11-29T11:02:10","guid":{"rendered":"http:\/\/staging.ibermusicas.org\/?p=20759"},"modified":"2024-12-27T19:02:39","modified_gmt":"2024-12-27T19:02:39","slug":"faltan-pocos-dias-para-el-anuncio-del-premio-colombia-en-el-mundo","status":"publish","type":"post","link":"http:\/\/staging.ibermusicas.org\/index.php\/faltan-pocos-dias-para-el-anuncio-del-premio-colombia-en-el-mundo\/","title":{"rendered":"Faltan pocos d\u00edas para el anuncio del \u201cPremio Colombia en el Mundo\u201d"},"content":{"rendered":"<p>En seguimiento a lo establecido en las bases del concurso, el d\u00eda 17 de diciembre ser\u00e1n anunciados en la web de Iberm\u00fasicas los proyectos ganadores del Premio Colombia en el Mundo que procura reconocer a iniciativas que difundan, interpreten o investiguen las m\u00fasicas nacionales como medio para compartir la riqueza sonora y la identidad de Colombia con el mundo, promoviendo el intercambio cultural.<\/p>\n","protected":false},"excerpt":{"rendered":"<p>En seguimiento a lo establecido en las bases del concurso, el d\u00eda 17 de diciembre ser\u00e1n anunciados en la web de Iberm\u00fasicas los proyectos ganadores del Premio Colombia en el Mundo que procura reconocer a iniciativas que difundan, interpreten o investiguen las m\u00fasicas nacionales como medio para compartir la riqueza sonora y la identidad de [&hellip;]<\/p>\n","protected":false},"author":7,"featured_media":20760,"comment_status":"closed","ping_status":"closed","sticky":false,"template":"","format":"standard","meta":{"footnotes":""},"categories":[53],"tags":[],"class_list":["post-20759","post","type-post","status-publish","format-standard","has-post-thumbnail","hentry","category-noticias-generales"],"lang":"es","translations":{"es":20759},"pll_sync_post":[],"post_mailing_queue_ids":[],"_links":{"self":[{"href":"http:\/\/staging.ibermusicas.org\/index.php\/wp-json\/wp\/v2\/posts\/20759","targetHints":{"allow":["GET"]}}],"collection":[{"href":"http:\/\/staging.ibermusicas.org\/index.php\/wp-json\/wp\/v2\/posts"}],"about":[{"href":"http:\/\/staging.ibermusicas.org\/index.php\/wp-json\/wp\/v2\/types\/post"}],"author":[{"embeddable":true,"href":"http:\/\/staging.ibermusicas.org\/index.php\/wp-json\/wp\/v2\/users\/7"}],"replies":[{"embeddable":true,"href":"http:\/\/staging.ibermusicas.org\/index.php\/wp-json\/wp\/v2\/comments?post=20759"}],"version-history":[{"count":1,"href":"http:\/\/staging.ibermusicas.org\/index.php\/wp-json\/wp\/v2\/posts\/20759\/revisions"}],"predecessor-version":[{"id":20761,"href":"http:\/\/staging.ibermusicas.org\/index.php\/wp-json\/wp\/v2\/posts\/20759\/revisions\/20761"}],"wp:featuredmedia":[{"embeddable":true,"href":"http:\/\/staging.ibermusicas.org\/index.php\/wp-json\/wp\/v2\/media\/20760"}],"wp:attachment":[{"href":"http:\/\/staging.ibermusicas.org\/index.php\/wp-json\/wp\/v2\/media?parent=20759"}],"wp:term":[{"taxonomy":"category","embeddable":true,"href":"http:\/\/staging.ibermusicas.org\/index.php\/wp-json\/wp\/v2\/categories?post=20759"},{"taxonomy":"post_tag","embeddable":true,"href":"http:\/\/staging.ibermusicas.org\/index.php\/wp-json\/wp\/v2\/tags?post=20759"}],"curies":[{"name":"wp","href":"https:\/\/api.w.org\/{rel}","templated":true}]}}