{"id":20762,"date":"2024-11-29T11:02:17","date_gmt":"2024-11-29T11:02:17","guid":{"rendered":"http:\/\/staging.ibermusicas.org\/?p=20762"},"modified":"2024-12-27T19:00:08","modified_gmt":"2024-12-27T19:00:08","slug":"faltam-poucos-dias-para-o-anuncio-do-premio-colombia-no-mundo","status":"publish","type":"post","link":"http:\/\/staging.ibermusicas.org\/index.php\/faltam-poucos-dias-para-o-anuncio-do-premio-colombia-no-mundo\/","title":{"rendered":"Faltam poucos dias para o an\u00fancio do \u201cPr\u00eamio Col\u00f4mbia no Mundo\u201d"},"content":{"rendered":"<p>De acordo com o regulamento do concurso, no dia 17 de dezembro ser\u00e3o anunciados no site do Iberm\u00fasicas os projetos vencedores do Pr\u00eamio Col\u00f4mbia no Mundo, que visa reconhecer as iniciativas que divulgam, executam ou investigam a m\u00fasica nacional como forma de partilhar a riqueza sonora e a identidade da Col\u00f4mbia com o mundo, promovendo o interc\u00e2mbio cultural.<\/p>\n","protected":false},"excerpt":{"rendered":"<p>De acordo com o regulamento do concurso, no dia 17 de dezembro ser\u00e3o anunciados no site do Iberm\u00fasicas os projetos vencedores do Pr\u00eamio Col\u00f4mbia no Mundo, que visa reconhecer as iniciativas que divulgam, executam ou investigam a m\u00fasica nacional como forma de partilhar a riqueza sonora e a identidade da Col\u00f4mbia com o mundo, promovendo [&hellip;]<\/p>\n","protected":false},"author":7,"featured_media":20763,"comment_status":"closed","ping_status":"closed","sticky":false,"template":"","format":"standard","meta":{"footnotes":""},"categories":[218],"tags":[],"class_list":["post-20762","post","type-post","status-publish","format-standard","has-post-thumbnail","hentry","category-noticias-generales-pt"],"lang":"pt","translations":{"pt":20762},"pll_sync_post":[],"post_mailing_queue_ids":[],"_links":{"self":[{"href":"http:\/\/staging.ibermusicas.org\/index.php\/wp-json\/wp\/v2\/posts\/20762","targetHints":{"allow":["GET"]}}],"collection":[{"href":"http:\/\/staging.ibermusicas.org\/index.php\/wp-json\/wp\/v2\/posts"}],"about":[{"href":"http:\/\/staging.ibermusicas.org\/index.php\/wp-json\/wp\/v2\/types\/post"}],"author":[{"embeddable":true,"href":"http:\/\/staging.ibermusicas.org\/index.php\/wp-json\/wp\/v2\/users\/7"}],"replies":[{"embeddable":true,"href":"http:\/\/staging.ibermusicas.org\/index.php\/wp-json\/wp\/v2\/comments?post=20762"}],"version-history":[{"count":1,"href":"http:\/\/staging.ibermusicas.org\/index.php\/wp-json\/wp\/v2\/posts\/20762\/revisions"}],"predecessor-version":[{"id":20764,"href":"http:\/\/staging.ibermusicas.org\/index.php\/wp-json\/wp\/v2\/posts\/20762\/revisions\/20764"}],"wp:featuredmedia":[{"embeddable":true,"href":"http:\/\/staging.ibermusicas.org\/index.php\/wp-json\/wp\/v2\/media\/20763"}],"wp:attachment":[{"href":"http:\/\/staging.ibermusicas.org\/index.php\/wp-json\/wp\/v2\/media?parent=20762"}],"wp:term":[{"taxonomy":"category","embeddable":true,"href":"http:\/\/staging.ibermusicas.org\/index.php\/wp-json\/wp\/v2\/categories?post=20762"},{"taxonomy":"post_tag","embeddable":true,"href":"http:\/\/staging.ibermusicas.org\/index.php\/wp-json\/wp\/v2\/tags?post=20762"}],"curies":[{"name":"wp","href":"https:\/\/api.w.org\/{rel}","templated":true}]}}