{"id":20765,"date":"2024-12-04T12:36:45","date_gmt":"2024-12-04T12:36:45","guid":{"rendered":"http:\/\/staging.ibermusicas.org\/?p=20765"},"modified":"2025-01-28T22:07:37","modified_gmt":"2025-01-28T22:07:37","slug":"jurados-convocatorias-y-concursos-2024","status":"publish","type":"post","link":"http:\/\/staging.ibermusicas.org\/index.php\/jurados-convocatorias-y-concursos-2024\/","title":{"rendered":"Jurados convocatorias y concursos 2024"},"content":{"rendered":"<p>Por\u00a0<strong>Argentina:<\/strong>\u00a0Mar\u00eda Ezquiaga, Daniela Laigle y Pablo Dacal; por\u00a0<strong>Brasil:<\/strong>\u00a0Maya Suemi, Melina Leal Hickson, Ezequias Ferreira Nascimento y Orlando Scarpa Neto; por\u00a0<strong>Chile:<\/strong>\u00a0Andr\u00e9s Camilo Jaramillo Paillao, Am\u00e9rico Lucio Olivari , Indira Elena Reinel Pineda, Ilse Alejandra Farias \u00c1lvarez y Kamila Antonia Govorcin De La Fuente; por\u00a0<strong>Colombia:<\/strong>\u00a0Santiago Arango Diaz, Martha Luc\u00eda Mar\u00edn Celis, Oswaldo Le\u00f3n Caballero, Diana Carolina Portela Bocanegra, Jorge Isaac Santoyo Pinzon y Carolina Castro Gil; por\u00a0<strong>Costa Rica:<\/strong>\u00a0Karina Varela, Ernesto Gallardo y Pedro Garc\u00eda; por\u00a0<strong>Cuba:<\/strong>\u00a0Jos\u00e9 Manuel Garc\u00eda y Mabel Castillo Mompi\u00e9; por\u00a0<strong>Ecuador:<\/strong>\u00a0Jos\u00e9 Manuel Garc\u00eda, Diego Minda y Marco Garc\u00eda; por\u00a0<strong>Espa\u00f1a:<\/strong>\u00a0Francisco P\u00e9rez Ruiz, Alicia Pat\u00f3n Romero y Ana Bel\u00e9n Faus Guijarro; por\u00a0<strong>M\u00e9xico:<\/strong>\u00a0\u00c1ngel Ancona, Ximena Constantino, Argelia Fragoso, Luc\u00eda \u00c1lvarez, Jesus Antonio Echevarria Roman y Enrique Dunn; por\u00a0<strong>Paraguay:<\/strong>\u00a0Melissa Hicks, Pablo Sim\u00f3n L\u00f3pez y Gustavo Serv\u00edn; por\u00a0<strong>Panam\u00e1:<\/strong>\u00a0Karla Lamboglia, Javier Medina Bernal y Rodrigo Escobar; por\u00a0<strong>Per\u00fa:<\/strong>\u00a0Rolando Mu\u00f1oz, Samantha Solano y Elard Mu\u00f1oz; por\u00a0<strong>Portugal:<\/strong>\u00a0Alexandra \u00c1vila Trindade, Maria In\u00eas Chora y Sofia Vieira Lopes; por\u00a0<strong>Uruguay:<\/strong>\u00a0Patricia Papasso, Facundo de Almeida y Anal\u00eda Monti; por\u00a0<strong>Venezuela:<\/strong>\u00a0Maria Jimenez y Jes\u00fas Milano; por\u00a0<strong>Mid Atlantic Arts:<\/strong>\u00a0Andrew Alness Olson y Stephanie Reyes; por\u00a0<strong>CPLP:<\/strong>\u00a0Jo\u00e3o Ima-Panzo y para el\u00a0<strong>Premio de Creaci\u00f3n de Obra Coral<\/strong>, un jurado internacional integrado por Mariana Rosas de Argentina, Diana Cifuentes de Colombia, Electra Castillo de Panam\u00e1 y Angel Rengifo Mendoza de Venezuela.<\/p>\n","protected":false},"excerpt":{"rendered":"<p>Por\u00a0Argentina:\u00a0Mar\u00eda Ezquiaga, Daniela Laigle y Pablo Dacal; por\u00a0Brasil:\u00a0Maya Suemi, Melina Leal Hickson, Ezequias Ferreira Nascimento y Orlando Scarpa Neto; por\u00a0Chile:\u00a0Andr\u00e9s Camilo Jaramillo Paillao, Am\u00e9rico Lucio Olivari , Indira Elena Reinel Pineda, Ilse Alejandra Farias \u00c1lvarez y Kamila Antonia Govorcin De La Fuente; por\u00a0Colombia:\u00a0Santiago Arango Diaz, Martha Luc\u00eda Mar\u00edn Celis, Oswaldo Le\u00f3n Caballero, Diana Carolina Portela [&hellip;]<\/p>\n","protected":false},"author":7,"featured_media":21446,"comment_status":"closed","ping_status":"closed","sticky":false,"template":"","format":"standard","meta":{"footnotes":""},"categories":[53],"tags":[],"class_list":["post-20765","post","type-post","status-publish","format-standard","has-post-thumbnail","hentry","category-noticias-generales"],"lang":"es","translations":{"es":20765},"pll_sync_post":[],"post_mailing_queue_ids":[],"_links":{"self":[{"href":"http:\/\/staging.ibermusicas.org\/index.php\/wp-json\/wp\/v2\/posts\/20765","targetHints":{"allow":["GET"]}}],"collection":[{"href":"http:\/\/staging.ibermusicas.org\/index.php\/wp-json\/wp\/v2\/posts"}],"about":[{"href":"http:\/\/staging.ibermusicas.org\/index.php\/wp-json\/wp\/v2\/types\/post"}],"author":[{"embeddable":true,"href":"http:\/\/staging.ibermusicas.org\/index.php\/wp-json\/wp\/v2\/users\/7"}],"replies":[{"embeddable":true,"href":"http:\/\/staging.ibermusicas.org\/index.php\/wp-json\/wp\/v2\/comments?post=20765"}],"version-history":[{"count":1,"href":"http:\/\/staging.ibermusicas.org\/index.php\/wp-json\/wp\/v2\/posts\/20765\/revisions"}],"predecessor-version":[{"id":20766,"href":"http:\/\/staging.ibermusicas.org\/index.php\/wp-json\/wp\/v2\/posts\/20765\/revisions\/20766"}],"wp:featuredmedia":[{"embeddable":true,"href":"http:\/\/staging.ibermusicas.org\/index.php\/wp-json\/wp\/v2\/media\/21446"}],"wp:attachment":[{"href":"http:\/\/staging.ibermusicas.org\/index.php\/wp-json\/wp\/v2\/media?parent=20765"}],"wp:term":[{"taxonomy":"category","embeddable":true,"href":"http:\/\/staging.ibermusicas.org\/index.php\/wp-json\/wp\/v2\/categories?post=20765"},{"taxonomy":"post_tag","embeddable":true,"href":"http:\/\/staging.ibermusicas.org\/index.php\/wp-json\/wp\/v2\/tags?post=20765"}],"curies":[{"name":"wp","href":"https:\/\/api.w.org\/{rel}","templated":true}]}}