{"id":20767,"date":"2024-11-29T11:02:26","date_gmt":"2024-11-29T11:02:26","guid":{"rendered":"http:\/\/staging.ibermusicas.org\/?p=20767"},"modified":"2025-01-19T22:41:14","modified_gmt":"2025-01-19T22:41:14","slug":"juris-chamadas-e-concursos-2024","status":"publish","type":"post","link":"http:\/\/staging.ibermusicas.org\/index.php\/juris-chamadas-e-concursos-2024\/","title":{"rendered":"J\u00faris chamadas e concursos 2024"},"content":{"rendered":"<p>Para a\u00a0<strong>Argentina:<\/strong>\u00a0Mar\u00eda Ezquiaga, Daniela Laigle e Pablo Dacal; para o\u00a0<strong>Brasil:<\/strong>\u00a0Maya Suemi, Melina Leal Hickson, Ezequias Ferreira Nascimento e Orlando Scarpa Neto; para o\u00a0<strong>Chile:<\/strong>\u00a0Andr\u00e9s Camilo Jaramillo Paillao, Am\u00e9rico Lucio Olivari , Indira Elena Reinel Pineda, Ilse Alejandra Farias \u00c1lvarez e Kamila Antonia Govorcin De La Fuente; para a\u00a0<strong>Col\u00f4mbia:<\/strong>\u00a0Santiago Arango Diaz, Martha Luc\u00eda Mar\u00edn Celis, Oswaldo Le\u00f3n Caballero, Diana Carolina Portela Bocanegra, Jorge Isaac Santoyo Pinzon e Carolina Castro Gil; para a\u00a0<strong>Costa Rica:<\/strong>\u00a0Karina Varela, Ernesto Gallardo e Pedro Garc\u00eda; para\u00a0<strong>Cuba:<\/strong>\u00a0Jos\u00e9 Manuel Garc\u00eda e Mabel Castillo Mompi\u00e9; para o\u00a0<strong>Equador:<\/strong>\u00a0Jos\u00e9 Manuel Garc\u00eda, Diego Minda e Marco Garc\u00eda; para\u00a0<strong>Espanha:<\/strong>\u00a0Francisco P\u00e9rez Ruiz, Alicia Pat\u00f3n Romero e Ana Bel\u00e9n Faus Guijarro; para o\u00a0<strong>M\u00e9xico:<\/strong>\u00a0\u00c1ngel Ancona, Ximena Constantino, Argelia Fragoso, Luc\u00eda \u00c1lvarez, Jesus Antonio Echevarria Roman e Enrique Dunn; para o\u00a0<strong>Paraguai:<\/strong>\u00a0Melissa Hicks, Pablo Sim\u00f3n L\u00f3pez e Gustavo Serv\u00edn; para o\u00a0<strong>Panam\u00e1:<\/strong>\u00a0Karla Lamboglia, Javier Medina Bernal e Rodrigo Escobar; para o\u00a0<strong>Peru:<\/strong>\u00a0Rolando Mu\u00f1oz, Samantha Solano e Elard Mu\u00f1oz; para\u00a0<strong>Portugal:<\/strong>\u00a0Alexandra \u00c1vila Trindade, Maria In\u00eas Chora e Sofia Vieira Lopes; para o\u00a0<strong>Uruguai:<\/strong>\u00a0Patricia Papasso, Facundo de Almeida e Anal\u00eda Monti; para a\u00a0<strong>Venezuela:<\/strong>\u00a0Maria Jimenez e Jes\u00fas Milano; para\u00a0<strong>Mid Atlantic Arts:<\/strong>\u00a0Andrew Alness Olson e Stephanie Reyes; para\u00a0<strong>CPLP:<\/strong>\u00a0Jo\u00e3o Ima-Panzo e para o\u00a0<strong>Pr\u00e9mio Cria\u00e7\u00e3o Coral<\/strong>, um j\u00fari internacional composto por Mariana Rosas da Argentina, Diana Cifuentes da Col\u00f4mbia, Electra Castillo do Panam\u00e1 e Angel Rengifo Mendoza da Venezuela.<\/p>\n","protected":false},"excerpt":{"rendered":"<p>Para a\u00a0Argentina:\u00a0Mar\u00eda Ezquiaga, Daniela Laigle e Pablo Dacal; para o\u00a0Brasil:\u00a0Maya Suemi, Melina Leal Hickson, Ezequias Ferreira Nascimento e Orlando Scarpa Neto; para o\u00a0Chile:\u00a0Andr\u00e9s Camilo Jaramillo Paillao, Am\u00e9rico Lucio Olivari , Indira Elena Reinel Pineda, Ilse Alejandra Farias \u00c1lvarez e Kamila Antonia Govorcin De La Fuente; para a\u00a0Col\u00f4mbia:\u00a0Santiago Arango Diaz, Martha Luc\u00eda Mar\u00edn Celis, Oswaldo Le\u00f3n [&hellip;]<\/p>\n","protected":false},"author":7,"featured_media":21324,"comment_status":"closed","ping_status":"closed","sticky":false,"template":"","format":"standard","meta":{"footnotes":""},"categories":[218],"tags":[],"class_list":["post-20767","post","type-post","status-publish","format-standard","has-post-thumbnail","hentry","category-noticias-generales-pt"],"lang":"pt","translations":{"pt":20767},"pll_sync_post":[],"post_mailing_queue_ids":[],"_links":{"self":[{"href":"http:\/\/staging.ibermusicas.org\/index.php\/wp-json\/wp\/v2\/posts\/20767","targetHints":{"allow":["GET"]}}],"collection":[{"href":"http:\/\/staging.ibermusicas.org\/index.php\/wp-json\/wp\/v2\/posts"}],"about":[{"href":"http:\/\/staging.ibermusicas.org\/index.php\/wp-json\/wp\/v2\/types\/post"}],"author":[{"embeddable":true,"href":"http:\/\/staging.ibermusicas.org\/index.php\/wp-json\/wp\/v2\/users\/7"}],"replies":[{"embeddable":true,"href":"http:\/\/staging.ibermusicas.org\/index.php\/wp-json\/wp\/v2\/comments?post=20767"}],"version-history":[{"count":1,"href":"http:\/\/staging.ibermusicas.org\/index.php\/wp-json\/wp\/v2\/posts\/20767\/revisions"}],"predecessor-version":[{"id":20768,"href":"http:\/\/staging.ibermusicas.org\/index.php\/wp-json\/wp\/v2\/posts\/20767\/revisions\/20768"}],"wp:featuredmedia":[{"embeddable":true,"href":"http:\/\/staging.ibermusicas.org\/index.php\/wp-json\/wp\/v2\/media\/21324"}],"wp:attachment":[{"href":"http:\/\/staging.ibermusicas.org\/index.php\/wp-json\/wp\/v2\/media?parent=20767"}],"wp:term":[{"taxonomy":"category","embeddable":true,"href":"http:\/\/staging.ibermusicas.org\/index.php\/wp-json\/wp\/v2\/categories?post=20767"},{"taxonomy":"post_tag","embeddable":true,"href":"http:\/\/staging.ibermusicas.org\/index.php\/wp-json\/wp\/v2\/tags?post=20767"}],"curies":[{"name":"wp","href":"https:\/\/api.w.org\/{rel}","templated":true}]}}