{"id":20829,"date":"2024-12-04T13:35:27","date_gmt":"2024-12-04T13:35:27","guid":{"rendered":"http:\/\/staging.ibermusicas.org\/?p=20829"},"modified":"2024-12-27T19:02:21","modified_gmt":"2024-12-27T19:02:21","slug":"sonora-lanza-su-plataforma-para-mapear-las-iniciativas-de-igualdad-de-genero-en-la-musica-de-todo-el-mundo","status":"publish","type":"post","link":"http:\/\/staging.ibermusicas.org\/index.php\/sonora-lanza-su-plataforma-para-mapear-las-iniciativas-de-igualdad-de-genero-en-la-musica-de-todo-el-mundo\/","title":{"rendered":"Sonora lanza su plataforma para mapear las iniciativas de igualdad de g\u00e9nero en la m\u00fasica de todo el mundo"},"content":{"rendered":"<p>Hace ocho a\u00f1os que Sonora &#8211; Festival Internacional de Mujeres Compositoras estall\u00f3 en Brasil y lleg\u00f3 a otros pa\u00edses como Argentina, Espa\u00f1a, Uruguay y Portugal. Adem\u00e1s de promover eventos que celebran a las mujeres compositoras, Sonora siempre ha tenido como objetivo investigar el espacio de las mujeres en la m\u00fasica y promover acciones para hacer frente a las barreras de g\u00e9nero, que suponen importantes retos para la visibilidad, las oportunidades laborales, la generaci\u00f3n de ingresos, el reconocimiento y la seguridad de las mujeres. Ahora,con el apoyo de Iberm\u00fasicas y de nuevos colaboradores, lanzan el proyecto Sonora Conecta.<\/p>\n<p>&nbsp;<\/p>\n<p>La plataforma se dedica a cartografiar y conectar iniciativas de <em>empoderamiento<\/em> femenino en la m\u00fasica de todo el mundo y se presentar\u00e1 junto con la investigaci\u00f3n <em>\u00abIniciativas de empoderamiento femenino en la m\u00fasica de el mundo\u00bb<\/em> el 27 de noviembre a las 19.30 horas en el entresuelo del SESC Palladium (Rua Rio de Janeiro, 1046. Av. Augusto de Lima, 420). El programa incluir\u00e1 una presentaci\u00f3n de la plataforma y de los primeros resultados de la investigaci\u00f3n, as\u00ed como la presencia y el intercambio de experiencias entre las l\u00edderes de cuatro de las iniciativas mapeadas en Belo Horizonte: Sofia Cupertino (Residencia Venusina), Manu Ranilla (Pandeiristas y Negras Autoras), D\u00e9bora Ventura (Truck do Desejo) y Ana Linares (Festival ELAS).<\/p>\n<p>&nbsp;<\/p>\n<p>Concebida y coordinada por Isabella Bretz y realizada en colaboraci\u00f3n con Deh Muss (creadora del Festival Sonora), la investigaci\u00f3n comenz\u00f3 en 2023 con el apoyo del programa Iberm\u00fasicas centr\u00e1ndose en Iberoam\u00e9rica. Se estudiaron diversas acciones en los 22 pa\u00edses que componen el bloque.<\/p>\n<p>&nbsp;<\/p>\n<p>Las iniciativas mapeadas en la plataforma Sonora Conecta abarcan una serie de enfoques, como: Formaci\u00f3n, Festival\/Muestra, Investigaci\u00f3n, Sello\/Registro, Actuaci\u00f3n, Compa\u00f1\u00eda, Colectivo, Fondo\/Beca, Creaci\u00f3n Art\u00edstica, Conferencia\/Simposio, Espacio Creativo, Podcast, Libro, Pel\u00edcula\/Documental, Premios y otros. Estas categor\u00edas reflejan la variedad de enfoques adoptados por las iniciativas musicales, promoviendo una red diversa y colaborativa para el empoderamiento femenino en el sector.<\/p>\n","protected":false},"excerpt":{"rendered":"<p>Hace ocho a\u00f1os que Sonora &#8211; Festival Internacional de Mujeres Compositoras estall\u00f3 en Brasil y lleg\u00f3 a otros pa\u00edses como Argentina, Espa\u00f1a, Uruguay y Portugal. Adem\u00e1s de promover eventos que celebran a las mujeres compositoras, Sonora siempre ha tenido como objetivo investigar el espacio de las mujeres en la m\u00fasica y promover acciones para hacer [&hellip;]<\/p>\n","protected":false},"author":7,"featured_media":20830,"comment_status":"closed","ping_status":"closed","sticky":false,"template":"","format":"standard","meta":{"footnotes":""},"categories":[53],"tags":[],"class_list":["post-20829","post","type-post","status-publish","format-standard","has-post-thumbnail","hentry","category-noticias-generales"],"lang":"es","translations":{"es":20829,"pt":20832},"pll_sync_post":[],"post_mailing_queue_ids":[],"_links":{"self":[{"href":"http:\/\/staging.ibermusicas.org\/index.php\/wp-json\/wp\/v2\/posts\/20829","targetHints":{"allow":["GET"]}}],"collection":[{"href":"http:\/\/staging.ibermusicas.org\/index.php\/wp-json\/wp\/v2\/posts"}],"about":[{"href":"http:\/\/staging.ibermusicas.org\/index.php\/wp-json\/wp\/v2\/types\/post"}],"author":[{"embeddable":true,"href":"http:\/\/staging.ibermusicas.org\/index.php\/wp-json\/wp\/v2\/users\/7"}],"replies":[{"embeddable":true,"href":"http:\/\/staging.ibermusicas.org\/index.php\/wp-json\/wp\/v2\/comments?post=20829"}],"version-history":[{"count":1,"href":"http:\/\/staging.ibermusicas.org\/index.php\/wp-json\/wp\/v2\/posts\/20829\/revisions"}],"predecessor-version":[{"id":20831,"href":"http:\/\/staging.ibermusicas.org\/index.php\/wp-json\/wp\/v2\/posts\/20829\/revisions\/20831"}],"wp:featuredmedia":[{"embeddable":true,"href":"http:\/\/staging.ibermusicas.org\/index.php\/wp-json\/wp\/v2\/media\/20830"}],"wp:attachment":[{"href":"http:\/\/staging.ibermusicas.org\/index.php\/wp-json\/wp\/v2\/media?parent=20829"}],"wp:term":[{"taxonomy":"category","embeddable":true,"href":"http:\/\/staging.ibermusicas.org\/index.php\/wp-json\/wp\/v2\/categories?post=20829"},{"taxonomy":"post_tag","embeddable":true,"href":"http:\/\/staging.ibermusicas.org\/index.php\/wp-json\/wp\/v2\/tags?post=20829"}],"curies":[{"name":"wp","href":"https:\/\/api.w.org\/{rel}","templated":true}]}}