{"id":20832,"date":"2024-12-04T13:36:56","date_gmt":"2024-12-04T13:36:56","guid":{"rendered":"http:\/\/staging.ibermusicas.org\/?p=20832"},"modified":"2024-12-27T18:58:46","modified_gmt":"2024-12-27T18:58:46","slug":"sonora-lanca-sua-plataforma-para-mapear-iniciativas-de-igualdade-de-genero-na-musica-em-todo-o-mundo","status":"publish","type":"post","link":"http:\/\/staging.ibermusicas.org\/index.php\/sonora-lanca-sua-plataforma-para-mapear-iniciativas-de-igualdade-de-genero-na-musica-em-todo-o-mundo\/","title":{"rendered":"Sonora lan\u00e7a sua plataforma para mapear iniciativas de igualdade de g\u00eanero na m\u00fasica em todo o mundo"},"content":{"rendered":"<p>J\u00e1 s\u00e3o oito anos desde que o <a href=\"http:\/\/sonorafestival.com\/sonora2020\/\">Sonora &#8211; Festival Internacional de Compositoras<\/a> explodiu no Brasil e alcan\u00e7ou ainda outros pa\u00edses, como Argentina, Espanha e Uruguai e Portugal. Al\u00e9m de promover eventos que celebram a mulher compositora, o Sonora sempre teve como intuito pesquisar o espa\u00e7o da mulher na m\u00fasica e promover a\u00e7\u00f5es para enfrentar as barreiras de g\u00eanero, que trazem desafios significativos para a visibilidade, oportunidades de trabalho, gera\u00e7\u00e3o de renda, reconhecimento e seguran\u00e7a das mulheres. Agora, com o apoio do Programa Iberm\u00fasicas e de novos parceiros, lan\u00e7am o projeto Sonora Conecta.<\/p>\n<p>&nbsp;<\/p>\n<p>A plataforma \u00e9 dedicada a mapear e conectar iniciativas de empoderamento feminino na m\u00fasica no mundo todo e ser\u00e1 lan\u00e7ada junto \u00e0 pesquisa \u201cIniciativas de empoderamento feminino na m\u00fasica no mundo\u201d, no dia 27 de novembro, \u00e0s 19h30, no Mezanino do SESC Palladium (Rua Rio de Janeiro, 1046. Av. Augusto de Lima, 420). A programa\u00e7\u00e3o contar\u00e1 com a apresenta\u00e7\u00e3o da plataforma e dos primeiros resultados da pesquisa, assim como a presen\u00e7a e troca de experi\u00eancias entre as respons\u00e1veis de quatro das iniciativas mapeadas em Belo Horizonte: Sofia Cupertino (Resid\u00eancia Venusiana), Manu Ranilla (Pandeiristas e Negras Autoras), D\u00e9bora Ventura (Truck do Desejo) e Ana Linares (Festival ELAS).<\/p>\n<p>&nbsp;<\/p>\n<p>Idealizada e coordenada por Isabella Bretz e realizada em parceria com Deh Muss (criadora do Festival Sonora), a pesquisa come\u00e7ou a ser desenvolvida em 2023 com o apoio do programa Iberm\u00fasicas e com foco na Ibero-Am\u00e9rica. Foram levantadas a\u00e7\u00f5es diversas nos 22 pa\u00edses que fazem parte do bloco.<\/p>\n<p>&nbsp;<\/p>\n<p>As iniciativas mapeadas na plataforma Sonora Conecta abrangem diversas abordagens, como: Forma\u00e7\u00e3o, Festival\/Mostra, Pesquisa, Selo\/Gravadora, Performance, Empresa, Coletivo, Fundo\/Bolsa, Cria\u00e7\u00e3o Art\u00edstica, Confer\u00eancia\/Simp\u00f3sio, Espa\u00e7o Criativo, Podcast, Livro, Filme\/Document\u00e1rio, Premia\u00e7\u00e3o e outros. Essas categorias refletem a variedade de enfoques das iniciativas no \u00e2mbito da m\u00fasica, promovendo uma rede diversa e colaborativa no empoderamento feminino no setor.<\/p>\n","protected":false},"excerpt":{"rendered":"<p>J\u00e1 s\u00e3o oito anos desde que o Sonora &#8211; Festival Internacional de Compositoras explodiu no Brasil e alcan\u00e7ou ainda outros pa\u00edses, como Argentina, Espanha e Uruguai e Portugal. Al\u00e9m de promover eventos que celebram a mulher compositora, o Sonora sempre teve como intuito pesquisar o espa\u00e7o da mulher na m\u00fasica e promover a\u00e7\u00f5es para enfrentar [&hellip;]<\/p>\n","protected":false},"author":7,"featured_media":20830,"comment_status":"closed","ping_status":"closed","sticky":false,"template":"","format":"standard","meta":{"footnotes":""},"categories":[218],"tags":[],"class_list":["post-20832","post","type-post","status-publish","format-standard","has-post-thumbnail","hentry","category-noticias-generales-pt"],"lang":"pt","translations":{"pt":20832,"es":20829},"pll_sync_post":[],"post_mailing_queue_ids":[],"_links":{"self":[{"href":"http:\/\/staging.ibermusicas.org\/index.php\/wp-json\/wp\/v2\/posts\/20832","targetHints":{"allow":["GET"]}}],"collection":[{"href":"http:\/\/staging.ibermusicas.org\/index.php\/wp-json\/wp\/v2\/posts"}],"about":[{"href":"http:\/\/staging.ibermusicas.org\/index.php\/wp-json\/wp\/v2\/types\/post"}],"author":[{"embeddable":true,"href":"http:\/\/staging.ibermusicas.org\/index.php\/wp-json\/wp\/v2\/users\/7"}],"replies":[{"embeddable":true,"href":"http:\/\/staging.ibermusicas.org\/index.php\/wp-json\/wp\/v2\/comments?post=20832"}],"version-history":[{"count":1,"href":"http:\/\/staging.ibermusicas.org\/index.php\/wp-json\/wp\/v2\/posts\/20832\/revisions"}],"predecessor-version":[{"id":20833,"href":"http:\/\/staging.ibermusicas.org\/index.php\/wp-json\/wp\/v2\/posts\/20832\/revisions\/20833"}],"wp:featuredmedia":[{"embeddable":true,"href":"http:\/\/staging.ibermusicas.org\/index.php\/wp-json\/wp\/v2\/media\/20830"}],"wp:attachment":[{"href":"http:\/\/staging.ibermusicas.org\/index.php\/wp-json\/wp\/v2\/media?parent=20832"}],"wp:term":[{"taxonomy":"category","embeddable":true,"href":"http:\/\/staging.ibermusicas.org\/index.php\/wp-json\/wp\/v2\/categories?post=20832"},{"taxonomy":"post_tag","embeddable":true,"href":"http:\/\/staging.ibermusicas.org\/index.php\/wp-json\/wp\/v2\/tags?post=20832"}],"curies":[{"name":"wp","href":"https:\/\/api.w.org\/{rel}","templated":true}]}}