{"id":20834,"date":"2024-12-04T13:40:33","date_gmt":"2024-12-04T13:40:33","guid":{"rendered":"http:\/\/staging.ibermusicas.org\/?p=20834"},"modified":"2024-12-27T19:02:16","modified_gmt":"2024-12-27T19:02:16","slug":"el-investigador-argentino-augusto-perez-guarnieri-inicia-su-residencia-en-el-instituto-nacional-de-artes-kinshasa-republica-democratica-del-congo","status":"publish","type":"post","link":"http:\/\/staging.ibermusicas.org\/index.php\/el-investigador-argentino-augusto-perez-guarnieri-inicia-su-residencia-en-el-instituto-nacional-de-artes-kinshasa-republica-democratica-del-congo\/","title":{"rendered":"El investigador argentino Augusto P\u00e9rez Guarnieri inicia su residencia en el Instituto Nacional de Artes, Kinshasa, Rep\u00fablica Democr\u00e1tica del Congo"},"content":{"rendered":"<p>El proyecto \u201cEl murmullo del tambor: (Re)descubriendo las memorias sonoras afroargentinas\u201d de Augusto P\u00e9rez Guarnieri se trata de una residencia art\u00edstica y de investigaci\u00f3n en Rep\u00fablica Democr\u00e1tica del Congo, con el objetivo de intercambiar experiencias con m\u00fasicos, docentes y referentes culturales locales, promoviendo el establecimiento de una colaboraci\u00f3n educativa que permita (re)conectar las memorias sonoras de los afroargentinos del tronco colonial con las congole\u00f1as, a trav\u00e9s del g\u00e9nero musical \u201ccandombe porte\u00f1o\u201d y otras expresiones culturales que a trav\u00e9s de la etnograf\u00eda podr\u00edan surgir.<\/p>\n<p>&nbsp;<\/p>\n<p>Con sede en el Instituto Nacional de Artes (Kinshasa), instituci\u00f3n \u00fanica en su tipo en la regi\u00f3n de \u00c1frica Central, el proyecto incluye la sustanciaci\u00f3n de trabajo de campo en poblaciones locales; el dictado de talleres sobre m\u00fasica afroargentina por parte del autor del proyecto destinados a la comunidad educativa local; y actividades de intercambio muse\u00edstico con el objetivo de generar redes entre museos argentinos y congoleses que permitan poner en valor el v\u00ednculo entre las tradiciones de ambos pa\u00edses.<\/p>\n<p>&nbsp;<\/p>\n<p>Augusto P\u00e9rez Guarnieri es Doctor en Ciencias Sociales y Mag\u00edster en Antropolog\u00eda Social (FLACSO-Argentina) Profesor en Educaci\u00f3n Musical (Escuela de M\u00fasica Popular de Avellaneda), Profesor de Bater\u00eda (Escuela de Arte de Berisso). Se desempe\u00f1a como investigador en el Museo de Instrumentos Musicales Dr. E Azzarini (UNLP) y en el Instituto de Investigaci\u00f3n en Etnomusicolog\u00eda de la Ciudad de Buenos Aires (DGeART).<\/p>\n<p>&nbsp;<\/p>\n<p>Sus \u00e1reas de inter\u00e9s son la vinculaci\u00f3n entre la educaci\u00f3n y la m\u00fasica de procedencia africana y afroamericana (focaliz\u00e1ndose actualmente en sus etnograf\u00edas con m\u00fasicos afroargentinos, gar\u00edfunas y de Rep\u00fablica Democr\u00e1tica del Congo) y las formas rituales y simb\u00f3licas en estos contextos.<\/p>\n<p>&nbsp;<\/p>\n<p>Es fundador y director del Centro de Estudios Musicales (La Plata, 1999-2020); Docente del Liceo V. Mercante, fundador y secretario de la C\u00e1tedra Libre de Estudios Afroargentinos y Afroamericanos (Universidad Nacional de La Plata).<\/p>\n<p>&nbsp;<\/p>\n<p>Es autor de \u201c\u00c1frica en el Aula: una propuesta de educaci\u00f3n musical\u201d (Edulp, 2007), \u201cUbafu: el legado de los abuelos gar\u00edfunas\u201d (Edulp, 2011), \u201cPalabra(s) de O\u00fcnagulei(s): la espiritualidad gar\u00edfuna de Livingston, Guatemala\u201d (FLACSO, 2018) y diversos art\u00edculos en el \u00e1rea de la etnomusicolog\u00eda y la antropolog\u00eda.<\/p>\n<p>&nbsp;<\/p>\n<p>En 2020 recibi\u00f3 la primera menci\u00f3n en el premio \u201cEduardo Archetti\u201d por su tesis de maestr\u00eda (CAS-IDES), en 2022 la menci\u00f3n honrosa en el \u00abXIII Premio Latinoamericano de Musicolog\u00eda Samuel Claro Vald\u00e9s\u00bb (Instituto de M\u00fasica, U.C.Chile) y en 2024 el Premio de Musicolog\u00eda \u201cCasa de las Am\u00e9ricas\u201d (La Habana, Cuba).<\/p>\n<p>&nbsp;<\/p>\n<p>Marcar en algun lugar pedir data de investigaci\u00f3n para el Catalogo Investigaci\u00f3n<\/p>\n<p>&nbsp;<\/p>\n<p>Listo. Est\u00e1 marcado en el calendario.<\/p>\n","protected":false},"excerpt":{"rendered":"<p>El proyecto \u201cEl murmullo del tambor: (Re)descubriendo las memorias sonoras afroargentinas\u201d de Augusto P\u00e9rez Guarnieri se trata de una residencia art\u00edstica y de investigaci\u00f3n en Rep\u00fablica Democr\u00e1tica del Congo, con el objetivo de intercambiar experiencias con m\u00fasicos, docentes y referentes culturales locales, promoviendo el establecimiento de una colaboraci\u00f3n educativa que permita (re)conectar las memorias sonoras [&hellip;]<\/p>\n","protected":false},"author":7,"featured_media":20835,"comment_status":"closed","ping_status":"closed","sticky":false,"template":"","format":"standard","meta":{"footnotes":""},"categories":[53],"tags":[],"class_list":["post-20834","post","type-post","status-publish","format-standard","has-post-thumbnail","hentry","category-noticias-generales"],"lang":"es","translations":{"es":20834,"pt":20837},"pll_sync_post":[],"post_mailing_queue_ids":[],"_links":{"self":[{"href":"http:\/\/staging.ibermusicas.org\/index.php\/wp-json\/wp\/v2\/posts\/20834","targetHints":{"allow":["GET"]}}],"collection":[{"href":"http:\/\/staging.ibermusicas.org\/index.php\/wp-json\/wp\/v2\/posts"}],"about":[{"href":"http:\/\/staging.ibermusicas.org\/index.php\/wp-json\/wp\/v2\/types\/post"}],"author":[{"embeddable":true,"href":"http:\/\/staging.ibermusicas.org\/index.php\/wp-json\/wp\/v2\/users\/7"}],"replies":[{"embeddable":true,"href":"http:\/\/staging.ibermusicas.org\/index.php\/wp-json\/wp\/v2\/comments?post=20834"}],"version-history":[{"count":1,"href":"http:\/\/staging.ibermusicas.org\/index.php\/wp-json\/wp\/v2\/posts\/20834\/revisions"}],"predecessor-version":[{"id":20836,"href":"http:\/\/staging.ibermusicas.org\/index.php\/wp-json\/wp\/v2\/posts\/20834\/revisions\/20836"}],"wp:featuredmedia":[{"embeddable":true,"href":"http:\/\/staging.ibermusicas.org\/index.php\/wp-json\/wp\/v2\/media\/20835"}],"wp:attachment":[{"href":"http:\/\/staging.ibermusicas.org\/index.php\/wp-json\/wp\/v2\/media?parent=20834"}],"wp:term":[{"taxonomy":"category","embeddable":true,"href":"http:\/\/staging.ibermusicas.org\/index.php\/wp-json\/wp\/v2\/categories?post=20834"},{"taxonomy":"post_tag","embeddable":true,"href":"http:\/\/staging.ibermusicas.org\/index.php\/wp-json\/wp\/v2\/tags?post=20834"}],"curies":[{"name":"wp","href":"https:\/\/api.w.org\/{rel}","templated":true}]}}