{"id":20837,"date":"2024-12-04T13:42:09","date_gmt":"2024-12-04T13:42:09","guid":{"rendered":"http:\/\/staging.ibermusicas.org\/?p=20837"},"modified":"2024-12-27T18:58:40","modified_gmt":"2024-12-27T18:58:40","slug":"o-investigador-argentino-augusto-perez-guarnieri-inicia-a-sua-residencia-no-instituto-nacional-das-artes-kinshasa-republica-democratica-do-congo","status":"publish","type":"post","link":"http:\/\/staging.ibermusicas.org\/index.php\/o-investigador-argentino-augusto-perez-guarnieri-inicia-a-sua-residencia-no-instituto-nacional-das-artes-kinshasa-republica-democratica-do-congo\/","title":{"rendered":"O investigador argentino Augusto P\u00e9rez Guarnieri inicia a sua resid\u00eancia no Instituto Nacional das Artes, Kinshasa, Rep\u00fablica Democr\u00e1tica do Congo"},"content":{"rendered":"<p>O projeto \u201cO murm\u00fario do tambor: (Re)descobrindo mem\u00f3rias sonoras afro-argentinas\u201d de Augusto P\u00e9rez Guarnieri \u00e9 uma resid\u00eancia art\u00edstica e de investiga\u00e7\u00e3o na Rep\u00fablica Democr\u00e1tica do Congo, com o objetivo de trocar experi\u00eancias com m\u00fasicos, professores e refer\u00eancias culturais locais, promovendo o estabelecimento de uma colabora\u00e7\u00e3o educativa que permita (re)conectar as mem\u00f3rias sonoras dos afro-argentinos do tronco colonial com as congolesas, atrav\u00e9s do g\u00e9nero musical \u2018candombe porte\u00f1o\u2019 e outras express\u00f5es culturais que atrav\u00e9s da etnografia possam emergir.<\/p>\n<p>&nbsp;<\/p>\n<p>Com sede no Instituto Nacional de Artes (Kinshasa), a \u00fanica institui\u00e7\u00e3o do g\u00e9nero na regi\u00e3o centro-africana, o projeto inclui trabalho de campo junto das popula\u00e7\u00f5es locais; workshops sobre m\u00fasica afro-argentina pelo autor do projeto para a comunidade educativa local; e actividades de interc\u00e2mbio museol\u00f3gico com o objetivo de gerar redes entre museus argentinos e congoleses para destacar a liga\u00e7\u00e3o entre as tradi\u00e7\u00f5es dos dois pa\u00edses.<\/p>\n<p>&nbsp;<\/p>\n<p>Augusto P\u00e9rez Guarnieri \u00e9 Doutor em Ci\u00eancias Sociais e Mestre em Antropologia Social (FLACSO-Argentina), Professor de Educa\u00e7\u00e3o Musical (Escuela de M\u00fasica Popular de Avellaneda), Professor de Bater\u00eda (Escuela de Arte de Berisso). Trabalha como investigador no Museo de Instrumentos Musicales Dr. E Azzarini (UNLP) e no Instituto de Investigaci\u00f3n en Etnomusicolog\u00eda de la Ciudad de Buenos Aires (DGeART).<\/p>\n<p>&nbsp;<\/p>\n<p>As suas \u00e1reas de interesse s\u00e3o a liga\u00e7\u00e3o entre a educa\u00e7\u00e3o e a m\u00fasica de origem africana e afro-americana (atualmente centrada nas suas etnografias com m\u00fasicos afro-argentinos, garifunas e da Rep\u00fablica Democr\u00e1tica do Congo) e as formas rituais e simb\u00f3licas nestes contextos.<\/p>\n<p>&nbsp;<\/p>\n<p>\u00c9 fundador e diretor do Centro de Estudios Musicales (La Plata, 1999-2020); professor no Liceo V. Mercante, fundador e secret\u00e1rio da C\u00e1tedra Libre de Estudios Afroargentinos y Afroamericanos (Universidad Nacional de La Plata).<\/p>\n<p>&nbsp;<\/p>\n<p>\u00c9 autor dos livros \u201c\u00c1frica en el Aula: una propuesta de educaci\u00f3n musical\u201d (Edulp, 2007), \u201cUbafu: el legado de los abuelos gar\u00edfunas\u201d (Edulp, 2011), \u201cPalabra(s) de O\u00fcnagulei(s): la espiritualidad gar\u00edfuna de Livingston, Guatemala\u201d (FLACSO, 2018) e de v\u00e1rios artigos na \u00e1rea da etnomusicologia e da antropologia.<\/p>\n<p>&nbsp;<\/p>\n<p>Em 2020 recebeu a primeira men\u00e7\u00e3o no Pr\u00e9mio \u201cEduardo Archetti\u201d para a sua tese de mestrado (CAS-IDES), em 2022 a men\u00e7\u00e3o honrosa no \u201cXIII Premio Latinoamericano de Musicolog\u00eda Samuel Claro Vald\u00e9s\u201d (Instituto de M\u00fasica, U.C.Chile) e em 2024 o Pr\u00e9mio de Musicologia \u201cCasa de las Am\u00e9ricas\u201d (Havana, Cuba).<\/p>\n","protected":false},"excerpt":{"rendered":"<p>O projeto \u201cO murm\u00fario do tambor: (Re)descobrindo mem\u00f3rias sonoras afro-argentinas\u201d de Augusto P\u00e9rez Guarnieri \u00e9 uma resid\u00eancia art\u00edstica e de investiga\u00e7\u00e3o na Rep\u00fablica Democr\u00e1tica do Congo, com o objetivo de trocar experi\u00eancias com m\u00fasicos, professores e refer\u00eancias culturais locais, promovendo o estabelecimento de uma colabora\u00e7\u00e3o educativa que permita (re)conectar as mem\u00f3rias sonoras dos afro-argentinos do [&hellip;]<\/p>\n","protected":false},"author":7,"featured_media":20835,"comment_status":"closed","ping_status":"closed","sticky":false,"template":"","format":"standard","meta":{"footnotes":""},"categories":[218],"tags":[],"class_list":["post-20837","post","type-post","status-publish","format-standard","has-post-thumbnail","hentry","category-noticias-generales-pt"],"lang":"pt","translations":{"pt":20837,"es":20834},"pll_sync_post":[],"post_mailing_queue_ids":[],"_links":{"self":[{"href":"http:\/\/staging.ibermusicas.org\/index.php\/wp-json\/wp\/v2\/posts\/20837","targetHints":{"allow":["GET"]}}],"collection":[{"href":"http:\/\/staging.ibermusicas.org\/index.php\/wp-json\/wp\/v2\/posts"}],"about":[{"href":"http:\/\/staging.ibermusicas.org\/index.php\/wp-json\/wp\/v2\/types\/post"}],"author":[{"embeddable":true,"href":"http:\/\/staging.ibermusicas.org\/index.php\/wp-json\/wp\/v2\/users\/7"}],"replies":[{"embeddable":true,"href":"http:\/\/staging.ibermusicas.org\/index.php\/wp-json\/wp\/v2\/comments?post=20837"}],"version-history":[{"count":1,"href":"http:\/\/staging.ibermusicas.org\/index.php\/wp-json\/wp\/v2\/posts\/20837\/revisions"}],"predecessor-version":[{"id":20838,"href":"http:\/\/staging.ibermusicas.org\/index.php\/wp-json\/wp\/v2\/posts\/20837\/revisions\/20838"}],"wp:featuredmedia":[{"embeddable":true,"href":"http:\/\/staging.ibermusicas.org\/index.php\/wp-json\/wp\/v2\/media\/20835"}],"wp:attachment":[{"href":"http:\/\/staging.ibermusicas.org\/index.php\/wp-json\/wp\/v2\/media?parent=20837"}],"wp:term":[{"taxonomy":"category","embeddable":true,"href":"http:\/\/staging.ibermusicas.org\/index.php\/wp-json\/wp\/v2\/categories?post=20837"},{"taxonomy":"post_tag","embeddable":true,"href":"http:\/\/staging.ibermusicas.org\/index.php\/wp-json\/wp\/v2\/tags?post=20837"}],"curies":[{"name":"wp","href":"https:\/\/api.w.org\/{rel}","templated":true}]}}