{"id":20839,"date":"2024-12-04T13:43:29","date_gmt":"2024-12-04T13:43:29","guid":{"rendered":"http:\/\/staging.ibermusicas.org\/?p=20839"},"modified":"2024-12-27T19:02:09","modified_gmt":"2024-12-27T19:02:09","slug":"la-charanguista-argentina-maria-laura-caballero-se-presentara-en-montevideo-uruguay","status":"publish","type":"post","link":"http:\/\/staging.ibermusicas.org\/index.php\/la-charanguista-argentina-maria-laura-caballero-se-presentara-en-montevideo-uruguay\/","title":{"rendered":"La charanguista argentina Mar\u00eda Laura Caballero se presentar\u00e1 en Montevideo, Uruguay"},"content":{"rendered":"<p>La propuesta de Mar\u00eda Laura Caballero abarca repertorio de m\u00fasica folcl\u00f3rica argentina interpretada en arreglos instrumentales para charango o ronroco solista, contando con el acompa\u00f1amiento de Orlando Moro en guitarra y bajo. Tambi\u00e9n interpretaciones mixtas, vocal &#8211; instrumental, y composiciones originales para charango, que invitan a recorrer los paisajes argentinos a trav\u00e9s de los ritmos de las diferentes regiones geogr\u00e1ficas del pa\u00eds (carnavalito, huayno, huella, gato, chacarera, cueca, bailecito, candombe, milonga y tango).<\/p>\n<p>&nbsp;<\/p>\n<p>Dentro del marco de la gira se incluyen actividades acad\u00e9micas como talleres o master class, que abordar\u00e1n tem\u00e1ticas relacionadas a los ritmos folcl\u00f3ricos argentinos, en su relaci\u00f3n con el charango, adem\u00e1s de un taller sobre acompa\u00f1amiento del tango en guitarra y bajo, brindado por el guitarrista y bajista Orlando Moro.<\/p>\n<p>&nbsp;<\/p>\n<p>Mar\u00eda Laura Caballero es charanguista, compositora, arregladora, cantora y docente Argentina, especializada en m\u00fasica argentina de ra\u00edz folkl\u00f3rica y en m\u00fasica electroac\u00fastica. Graduada de la Universidad Nacional de Tres de Febrero como Mag\u00edster en Creaci\u00f3n Musical, Nuevas Tecnolog\u00edas y Artes Tradicionales. Es Profesora Superior de Tango y M\u00fasica Folkl\u00f3rica especialidad Charango egresada del Conservatorio Superior de M\u00fasica \u201cManuel de Falla\u201d de la Ciudad de Buenos Aires, Profesora de Etnomusicolog\u00eda graduada en la misma casa de estudio, y Profesora de Instrumento especialidad Guitarra del Conservatorio \u201cOsmar Maderna\u201d de la ciudad de Pehuaj\u00f3, Buenos Aires. Ha desarrollado una intensa actividad musical con distintas agrupaciones y como solista desde el a\u00f1o 2007 a la fecha, editando dos CDs (\u201cCharango, d\u00edmelo t\u00fa\u201d y \u201cDesde la misma huella\u201d) y participando como artista invitada en varias producciones discogr\u00e1ficas. Tambi\u00e9n integr\u00f3 la Orquesta Argentina de Charangos y la Orquesta de Instrumentos Aut\u00f3ctonos y Nuevas Tecnolog\u00edas de la Universidad Nacional de Tres de Febrero. En el exterior, ha representado a la Argentina en Sucre y La Paz (Bolivia), Cusco (Per\u00fa), Castro, Chilo\u00e9 (Chile), Phoenix, Arizona (EEUU) y La Habana (Cuba). Desarrolla la actividad docente desde 1995 a la actualidad, en instituciones como el Conservatorio Provincial de M\u00fasica de Pehuaj\u00f3 y posteriormente en Escuelas de M\u00fasica del Gobierno de la Ciudad de Buenos Aires.<\/p>\n<p>&nbsp;<\/p>\n<p>La gira de Laura Caballero se hace posible gracias al apoyo del Programa Iberm\u00fasicas mediante sus \u201cAyudas al sector musical para la circulaci\u00f3n\u201d, convocatoria 2022.<\/p>\n<p>&nbsp;<\/p>\n<ul>\n<li>Jueves 5 de diciembre \u00abPunto Rojo\u00bb, Rivera 2078, Montevideo, Uruguay<\/li>\n<li>S\u00e1bado 7 de diciembre \u00abBar Iberia\u00bb, Av. Uruguay 801, Montevideo, Uruguay<\/li>\n<\/ul>\n","protected":false},"excerpt":{"rendered":"<p>La propuesta de Mar\u00eda Laura Caballero abarca repertorio de m\u00fasica folcl\u00f3rica argentina interpretada en arreglos instrumentales para charango o ronroco solista, contando con el acompa\u00f1amiento de Orlando Moro en guitarra y bajo. Tambi\u00e9n interpretaciones mixtas, vocal &#8211; instrumental, y composiciones originales para charango, que invitan a recorrer los paisajes argentinos a trav\u00e9s de los ritmos [&hellip;]<\/p>\n","protected":false},"author":7,"featured_media":20840,"comment_status":"closed","ping_status":"closed","sticky":false,"template":"","format":"standard","meta":{"footnotes":""},"categories":[53],"tags":[],"class_list":["post-20839","post","type-post","status-publish","format-standard","has-post-thumbnail","hentry","category-noticias-generales"],"lang":"es","translations":{"es":20839,"pt":20842},"pll_sync_post":[],"post_mailing_queue_ids":[],"_links":{"self":[{"href":"http:\/\/staging.ibermusicas.org\/index.php\/wp-json\/wp\/v2\/posts\/20839","targetHints":{"allow":["GET"]}}],"collection":[{"href":"http:\/\/staging.ibermusicas.org\/index.php\/wp-json\/wp\/v2\/posts"}],"about":[{"href":"http:\/\/staging.ibermusicas.org\/index.php\/wp-json\/wp\/v2\/types\/post"}],"author":[{"embeddable":true,"href":"http:\/\/staging.ibermusicas.org\/index.php\/wp-json\/wp\/v2\/users\/7"}],"replies":[{"embeddable":true,"href":"http:\/\/staging.ibermusicas.org\/index.php\/wp-json\/wp\/v2\/comments?post=20839"}],"version-history":[{"count":1,"href":"http:\/\/staging.ibermusicas.org\/index.php\/wp-json\/wp\/v2\/posts\/20839\/revisions"}],"predecessor-version":[{"id":20841,"href":"http:\/\/staging.ibermusicas.org\/index.php\/wp-json\/wp\/v2\/posts\/20839\/revisions\/20841"}],"wp:featuredmedia":[{"embeddable":true,"href":"http:\/\/staging.ibermusicas.org\/index.php\/wp-json\/wp\/v2\/media\/20840"}],"wp:attachment":[{"href":"http:\/\/staging.ibermusicas.org\/index.php\/wp-json\/wp\/v2\/media?parent=20839"}],"wp:term":[{"taxonomy":"category","embeddable":true,"href":"http:\/\/staging.ibermusicas.org\/index.php\/wp-json\/wp\/v2\/categories?post=20839"},{"taxonomy":"post_tag","embeddable":true,"href":"http:\/\/staging.ibermusicas.org\/index.php\/wp-json\/wp\/v2\/tags?post=20839"}],"curies":[{"name":"wp","href":"https:\/\/api.w.org\/{rel}","templated":true}]}}