{"id":20842,"date":"2024-12-04T13:45:14","date_gmt":"2024-12-04T13:45:14","guid":{"rendered":"http:\/\/staging.ibermusicas.org\/?p=20842"},"modified":"2024-12-27T18:58:34","modified_gmt":"2024-12-27T18:58:34","slug":"a-charanguista-argentina-maria-laura-caballero-se-apresentara-em-montevideu-uruguai","status":"publish","type":"post","link":"http:\/\/staging.ibermusicas.org\/index.php\/a-charanguista-argentina-maria-laura-caballero-se-apresentara-em-montevideu-uruguai\/","title":{"rendered":"A charanguista argentina Mar\u00eda Laura Caballero se apresentar\u00e1 em Montevid\u00e9u, Uruguai"},"content":{"rendered":"<p>A proposta de Mar\u00eda Laura Caballero inclui um repert\u00f3rio de m\u00fasica folcl\u00f3rica argentina interpretada em arranjos instrumentais para charango ou ronroco solo, com o acompanhamento de Orlando Moro na guitarra e baixo. Tamb\u00e9m interpreta\u00e7\u00f5es mistas, vocais &#8211; instrumentais, e composi\u00e7\u00f5es originais para charango, que convidam a viajar pelas paisagens argentinas atrav\u00e9s dos ritmos das diferentes regi\u00f5es geogr\u00e1ficas do pa\u00eds (carnavalito, huayno, huella, gato, chacarera, cueca, bailecito, candombe, milonga e tango).<\/p>\n<p>&nbsp;<\/p>\n<p>No \u00e2mbito da digress\u00e3o, est\u00e3o inclu\u00eddas actividades acad\u00e9micas como workshops ou master classes, que abordar\u00e3o temas relacionados com os ritmos folcl\u00f3ricos argentinos, na sua rela\u00e7\u00e3o com o charango, bem como um workshop sobre acompanhamento de tango na guitarra e no baixo, ministrado pelo guitarrista e baixista Orlando Moro.<\/p>\n<p>&nbsp;<\/p>\n<p>Mar\u00eda Laura Caballero \u00e9 uma charanguista, compositora, arranjadora, cantora e professora argentina, especializada em m\u00fasica argentina de ra\u00edzes folcl\u00f3ricas e m\u00fasica eletroac\u00fastica. Graduado pela Universidade Nacional de Tres de Febrero como Mestre em Cria\u00e7\u00e3o Musical, Novas Tecnologias e Artes Tradicionais. \u00c9 Professora S\u00eanior de Tango e M\u00fasica Folcl\u00f3rica, com especializa\u00e7\u00e3o em Charango, formada pelo Conservat\u00f3rio de M\u00fasica \u00abManuel de Falla\u00bb da Cidade de Buenos Aires, Professora de Etnomusicologia, formada pelo mesmo est\u00fadio, e Professora de Instrumentos, com especializa\u00e7\u00e3o em Viol\u00e3o no Conservat\u00f3rio \u00abOsmar Maderna\u00bb da cidade de Pehuaj\u00f3, Buenos Aires. Tem desenvolvido uma intensa atividade musical com diferentes agrupamentos e como solista desde 2007 at\u00e9 \u00e0 data, editando dois CDs (\u201cCharango, d\u00edmelo t\u00fa\u201d e \u201cDesde la misma huella\u201d) e participando como artista convidada em diversas produ\u00e7\u00f5es discogr\u00e1ficas. Tamb\u00e9m foi membro da Orquestra Argentina de Charangos e da Orquestra de Instrumentos Aut\u00f3ctones e Novas Tecnologias da Universidade Nacional de Tr\u00eas de Fevereiro. No exterior, representou a Argentina em Sucre e La Paz (Bol\u00edvia), Cusco (Peru), Castro, Chilo\u00e9 (Chile), Phoenix, Arizona (EUA) e Havana (Cuba). Leciona desde 1995 at\u00e9 hoje, em institui\u00e7\u00f5es como o Conservat\u00f3rio Provincial de M\u00fasica de Pehuaj\u00f3 e posteriormente em Escolas de M\u00fasica do Governo da Cidade de Buenos Aires.<\/p>\n<p>&nbsp;<\/p>\n<p>A turn\u00ea de Laura Caballero \u00e9 poss\u00edvel gra\u00e7as ao apoio do Programa Iberm\u00fasicas por meio de seu \u00abAjudas ao setor musical para circula\u00e7\u00e3o\u00bb, chamada 2022.<\/p>\n<p>&nbsp;<\/p>\n<ul>\n<li>Quinta-feira 5 de dezembro \u201cPunto Rojo\u201d, Rivera 2078, Montevideo, Uruguai<\/li>\n<li>S\u00e1bado, 7 de dezembro \u201cBar Iberia\u201d, Av. Uruguay 801, Montevideo, Uruguai<\/li>\n<\/ul>\n","protected":false},"excerpt":{"rendered":"<p>A proposta de Mar\u00eda Laura Caballero inclui um repert\u00f3rio de m\u00fasica folcl\u00f3rica argentina interpretada em arranjos instrumentais para charango ou ronroco solo, com o acompanhamento de Orlando Moro na guitarra e baixo. Tamb\u00e9m interpreta\u00e7\u00f5es mistas, vocais &#8211; instrumentais, e composi\u00e7\u00f5es originais para charango, que convidam a viajar pelas paisagens argentinas atrav\u00e9s dos ritmos das diferentes [&hellip;]<\/p>\n","protected":false},"author":7,"featured_media":20840,"comment_status":"closed","ping_status":"closed","sticky":false,"template":"","format":"standard","meta":{"footnotes":""},"categories":[218],"tags":[],"class_list":["post-20842","post","type-post","status-publish","format-standard","has-post-thumbnail","hentry","category-noticias-generales-pt"],"lang":"pt","translations":{"pt":20842,"es":20839},"pll_sync_post":[],"post_mailing_queue_ids":[],"_links":{"self":[{"href":"http:\/\/staging.ibermusicas.org\/index.php\/wp-json\/wp\/v2\/posts\/20842","targetHints":{"allow":["GET"]}}],"collection":[{"href":"http:\/\/staging.ibermusicas.org\/index.php\/wp-json\/wp\/v2\/posts"}],"about":[{"href":"http:\/\/staging.ibermusicas.org\/index.php\/wp-json\/wp\/v2\/types\/post"}],"author":[{"embeddable":true,"href":"http:\/\/staging.ibermusicas.org\/index.php\/wp-json\/wp\/v2\/users\/7"}],"replies":[{"embeddable":true,"href":"http:\/\/staging.ibermusicas.org\/index.php\/wp-json\/wp\/v2\/comments?post=20842"}],"version-history":[{"count":1,"href":"http:\/\/staging.ibermusicas.org\/index.php\/wp-json\/wp\/v2\/posts\/20842\/revisions"}],"predecessor-version":[{"id":20843,"href":"http:\/\/staging.ibermusicas.org\/index.php\/wp-json\/wp\/v2\/posts\/20842\/revisions\/20843"}],"wp:featuredmedia":[{"embeddable":true,"href":"http:\/\/staging.ibermusicas.org\/index.php\/wp-json\/wp\/v2\/media\/20840"}],"wp:attachment":[{"href":"http:\/\/staging.ibermusicas.org\/index.php\/wp-json\/wp\/v2\/media?parent=20842"}],"wp:term":[{"taxonomy":"category","embeddable":true,"href":"http:\/\/staging.ibermusicas.org\/index.php\/wp-json\/wp\/v2\/categories?post=20842"},{"taxonomy":"post_tag","embeddable":true,"href":"http:\/\/staging.ibermusicas.org\/index.php\/wp-json\/wp\/v2\/tags?post=20842"}],"curies":[{"name":"wp","href":"https:\/\/api.w.org\/{rel}","templated":true}]}}