{"id":20844,"date":"2024-12-04T13:48:06","date_gmt":"2024-12-04T13:48:06","guid":{"rendered":"http:\/\/staging.ibermusicas.org\/?p=20844"},"modified":"2024-12-27T19:02:03","modified_gmt":"2024-12-27T19:02:03","slug":"el-acordeonista-portugues-joao-barradas-sera-parte-del-xvi-festival-de-jazz-de-montevideo","status":"publish","type":"post","link":"http:\/\/staging.ibermusicas.org\/index.php\/el-acordeonista-portugues-joao-barradas-sera-parte-del-xvi-festival-de-jazz-de-montevideo\/","title":{"rendered":"El acordeonista portugu\u00e9s Jo\u00e3o Barradas ser\u00e1 parte del XVI Festival de Jazz de Montevideo"},"content":{"rendered":"<p>Jo\u00e3o Barradas se destaca como uno de los m\u00fasicos m\u00e1s creativos de la escena europea del acorde\u00f3n, movi\u00e9ndose simult\u00e1neamente entre la tradici\u00f3n cl\u00e1sica y la m\u00fasica improvisada.<\/p>\n<p>&nbsp;<\/p>\n<p>Fue responsable de los primeros recitales de acorde\u00f3n en programas tan diversos como los de la Wiener Konzerthaus, la Fundaci\u00f3n Calouste Gulbenkian o el Festival de Aix-en-Provence, y ha actuado como solista con la Orquesta Filarm\u00f3nica de Londres, la Orquesta de la Tonhalle de Z\u00farich, la Orquesta Sinf\u00f3nica de Hamburgo y la Orquesta de C\u00e1mara de Colonia, bajo la direcci\u00f3n de prestigiosos directores como Edward Gardner, Alondra de la Parra, Sylvain Cambreling y Christoph Poppen.<\/p>\n<p>&nbsp;<\/p>\n<p>En el mundo del jazz, ha aumentado la influencia de su instrumento colaborando con algunos de los m\u00e1s importantes improvisadores contempor\u00e1neos, como Mark Turner, Peter Evans, Aka Moon, Greg Osby, Mike Stern, Rufus Reid, David Binney, Gil Goldstein, Perico Sambeat, Christian Lillinger, Tineke Postma, Ben Van Gelder y formaciones ampliadas como la Orquesta de Jazz de Bruselas.<\/p>\n<p>&nbsp;<\/p>\n<p>Fue nombrado ECHO Rising Star por la Organizaci\u00f3n Europea de Salas de Conciertos en el a\u00f1o 2019. Esta temporada ser\u00e1 Artista Residente en la Casa da M\u00fasica de Porto y fue galardonado con el Premio Sir Jeffrey Tate en Alemania.<\/p>\n<p>&nbsp;<\/p>\n<p>Estas presentaciones de Jo\u00e3o Barradas en Uruguay se hacen posible gracias al apoyo del Programa Iberm\u00fasicas mediante sus Ayudas a la Circulaci\u00f3n, convocatoria 2023.<\/p>\n<p>&nbsp;<\/p>\n<p>&nbsp;<\/p>\n<ul>\n<li>Del 6 al 10 de diciembre en Teatro Sol\u00eds, Sala Zitarrosa y Alianza Francesa, Montevideo, Uruguay<\/li>\n<\/ul>\n","protected":false},"excerpt":{"rendered":"<p>Jo\u00e3o Barradas se destaca como uno de los m\u00fasicos m\u00e1s creativos de la escena europea del acorde\u00f3n, movi\u00e9ndose simult\u00e1neamente entre la tradici\u00f3n cl\u00e1sica y la m\u00fasica improvisada. &nbsp; Fue responsable de los primeros recitales de acorde\u00f3n en programas tan diversos como los de la Wiener Konzerthaus, la Fundaci\u00f3n Calouste Gulbenkian o el Festival de Aix-en-Provence, [&hellip;]<\/p>\n","protected":false},"author":7,"featured_media":20845,"comment_status":"closed","ping_status":"closed","sticky":false,"template":"","format":"standard","meta":{"footnotes":""},"categories":[53],"tags":[],"class_list":["post-20844","post","type-post","status-publish","format-standard","has-post-thumbnail","hentry","category-noticias-generales"],"lang":"es","translations":{"es":20844,"pt":20847},"pll_sync_post":[],"post_mailing_queue_ids":[],"_links":{"self":[{"href":"http:\/\/staging.ibermusicas.org\/index.php\/wp-json\/wp\/v2\/posts\/20844","targetHints":{"allow":["GET"]}}],"collection":[{"href":"http:\/\/staging.ibermusicas.org\/index.php\/wp-json\/wp\/v2\/posts"}],"about":[{"href":"http:\/\/staging.ibermusicas.org\/index.php\/wp-json\/wp\/v2\/types\/post"}],"author":[{"embeddable":true,"href":"http:\/\/staging.ibermusicas.org\/index.php\/wp-json\/wp\/v2\/users\/7"}],"replies":[{"embeddable":true,"href":"http:\/\/staging.ibermusicas.org\/index.php\/wp-json\/wp\/v2\/comments?post=20844"}],"version-history":[{"count":1,"href":"http:\/\/staging.ibermusicas.org\/index.php\/wp-json\/wp\/v2\/posts\/20844\/revisions"}],"predecessor-version":[{"id":20846,"href":"http:\/\/staging.ibermusicas.org\/index.php\/wp-json\/wp\/v2\/posts\/20844\/revisions\/20846"}],"wp:featuredmedia":[{"embeddable":true,"href":"http:\/\/staging.ibermusicas.org\/index.php\/wp-json\/wp\/v2\/media\/20845"}],"wp:attachment":[{"href":"http:\/\/staging.ibermusicas.org\/index.php\/wp-json\/wp\/v2\/media?parent=20844"}],"wp:term":[{"taxonomy":"category","embeddable":true,"href":"http:\/\/staging.ibermusicas.org\/index.php\/wp-json\/wp\/v2\/categories?post=20844"},{"taxonomy":"post_tag","embeddable":true,"href":"http:\/\/staging.ibermusicas.org\/index.php\/wp-json\/wp\/v2\/tags?post=20844"}],"curies":[{"name":"wp","href":"https:\/\/api.w.org\/{rel}","templated":true}]}}