{"id":20847,"date":"2024-12-04T13:49:12","date_gmt":"2024-12-04T13:49:12","guid":{"rendered":"http:\/\/staging.ibermusicas.org\/?p=20847"},"modified":"2024-12-27T18:58:28","modified_gmt":"2024-12-27T18:58:28","slug":"o-acordeonista-portugues-joao-barradas-vai-participar-no-xvi-festival-de-jazz-de-montevideu","status":"publish","type":"post","link":"http:\/\/staging.ibermusicas.org\/index.php\/o-acordeonista-portugues-joao-barradas-vai-participar-no-xvi-festival-de-jazz-de-montevideu\/","title":{"rendered":"O acordeonista portugu\u00eas Jo\u00e3o Barradas vai participar no XVI Festival de Jazz de Montevideu"},"content":{"rendered":"<p>Jo\u00e3o Barradas destaca-se como um dos m\u00fasicos mais criativos no panorama do acorde\u00e3o europeu, movendo-se, simultaneamente, entre a tradi\u00e7\u00e3o cl\u00e1ssica e a m\u00fasica improvisada.<\/p>\n<p>&nbsp;<\/p>\n<p>\u00c9 o respons\u00e1vel pelos primeiros recitais de acorde\u00e3o em programa\u00e7\u00f5es t\u00e3o distintas como as da Wiener Konzerthaus, da Funda\u00e7\u00e3o Calouste Gulbenkian ou do Festival d\u2019Aix-en-Provence e apresenta-se como solista com a Orquestra Filarm\u00f3nica de Londres, a Orquestra da Tonhalle de Zurique, a Sinf\u00f4nica de Hamburgo ou a Orquestra de C\u00e2mara de Col\u00f3nia, sob a direc\u00e7\u00e3o de prestigiados maestros como Edward Gardner, Alondra de la Parra, Sylvain Cambreling e Christoph Poppen.<\/p>\n<p>&nbsp;<\/p>\n<p>No mundo do Jazz, tem aumentado a influ\u00eancia do seu instrumento colaborando com alguns dos mais importantes improvisadores contempor\u00e2neos, tais como, Mark Turner, Peter Evans, Aka Moon, Greg Osby, Mike Stern, Rufus Reid, David Binney, Gil Goldstein, Perico Sambeat, Christian Lillinger, Tineke Postma, Ben Van Gelder e forma\u00e7\u00f5es alargadas como a Brussels Jazz Orchestra.<\/p>\n<p>&nbsp;<\/p>\n<p>Foi nomeado ECHO Rising Star pela European Concert Hall Organization em 2019. Na presente temporada ser\u00e1 o Artista em Resid\u00eancia na Casa da M\u00fasica, no Porto e foi distinguido com o Sir Jeffrey Tate Award, na Alemanha.<\/p>\n<p>Estas actua\u00e7\u00f5es de Jo\u00e3o Barradas no Uruguai s\u00e3o poss\u00edveis gra\u00e7as ao apoio do Programa Iberm\u00fasicas atrav\u00e9s das suas Ajudas \u00e0 Circula\u00e7\u00e3o, convocat\u00f3ria 2023.<\/p>\n<p>&nbsp;<\/p>\n<ul>\n<li>De 6 a 10 de dezembro no Teatro Sol\u00eds, Sala Zitarrosa e Alianza Francesa, Montevid\u00e9u, Uruguai<\/li>\n<\/ul>\n","protected":false},"excerpt":{"rendered":"<p>Jo\u00e3o Barradas destaca-se como um dos m\u00fasicos mais criativos no panorama do acorde\u00e3o europeu, movendo-se, simultaneamente, entre a tradi\u00e7\u00e3o cl\u00e1ssica e a m\u00fasica improvisada. &nbsp; \u00c9 o respons\u00e1vel pelos primeiros recitais de acorde\u00e3o em programa\u00e7\u00f5es t\u00e3o distintas como as da Wiener Konzerthaus, da Funda\u00e7\u00e3o Calouste Gulbenkian ou do Festival d\u2019Aix-en-Provence e apresenta-se como solista com [&hellip;]<\/p>\n","protected":false},"author":7,"featured_media":20845,"comment_status":"closed","ping_status":"closed","sticky":false,"template":"","format":"standard","meta":{"footnotes":""},"categories":[218],"tags":[],"class_list":["post-20847","post","type-post","status-publish","format-standard","has-post-thumbnail","hentry","category-noticias-generales-pt"],"lang":"pt","translations":{"pt":20847,"es":20844},"pll_sync_post":[],"post_mailing_queue_ids":[],"_links":{"self":[{"href":"http:\/\/staging.ibermusicas.org\/index.php\/wp-json\/wp\/v2\/posts\/20847","targetHints":{"allow":["GET"]}}],"collection":[{"href":"http:\/\/staging.ibermusicas.org\/index.php\/wp-json\/wp\/v2\/posts"}],"about":[{"href":"http:\/\/staging.ibermusicas.org\/index.php\/wp-json\/wp\/v2\/types\/post"}],"author":[{"embeddable":true,"href":"http:\/\/staging.ibermusicas.org\/index.php\/wp-json\/wp\/v2\/users\/7"}],"replies":[{"embeddable":true,"href":"http:\/\/staging.ibermusicas.org\/index.php\/wp-json\/wp\/v2\/comments?post=20847"}],"version-history":[{"count":1,"href":"http:\/\/staging.ibermusicas.org\/index.php\/wp-json\/wp\/v2\/posts\/20847\/revisions"}],"predecessor-version":[{"id":20848,"href":"http:\/\/staging.ibermusicas.org\/index.php\/wp-json\/wp\/v2\/posts\/20847\/revisions\/20848"}],"wp:featuredmedia":[{"embeddable":true,"href":"http:\/\/staging.ibermusicas.org\/index.php\/wp-json\/wp\/v2\/media\/20845"}],"wp:attachment":[{"href":"http:\/\/staging.ibermusicas.org\/index.php\/wp-json\/wp\/v2\/media?parent=20847"}],"wp:term":[{"taxonomy":"category","embeddable":true,"href":"http:\/\/staging.ibermusicas.org\/index.php\/wp-json\/wp\/v2\/categories?post=20847"},{"taxonomy":"post_tag","embeddable":true,"href":"http:\/\/staging.ibermusicas.org\/index.php\/wp-json\/wp\/v2\/tags?post=20847"}],"curies":[{"name":"wp","href":"https:\/\/api.w.org\/{rel}","templated":true}]}}