{"id":20849,"date":"2024-12-04T13:51:02","date_gmt":"2024-12-04T13:51:02","guid":{"rendered":"http:\/\/staging.ibermusicas.org\/?p=20849"},"modified":"2024-12-27T19:01:56","modified_gmt":"2024-12-27T19:01:56","slug":"la-soprano-panamena-libia-montano-presentara-su-recital-de-grado-en-el-concert-hall-de-la-fiu-wertheim-school-of-music-performing-arts-en-miami","status":"publish","type":"post","link":"http:\/\/staging.ibermusicas.org\/index.php\/la-soprano-panamena-libia-montano-presentara-su-recital-de-grado-en-el-concert-hall-de-la-fiu-wertheim-school-of-music-performing-arts-en-miami\/","title":{"rendered":"La soprano paname\u00f1a Libia Monta\u00f1o presentar\u00e1 su Recital de Grado en el Concert Hall de la FIU Wertheim School of Music &#038; Performing Arts, en Miami"},"content":{"rendered":"<p>Este recital, organizado en colaboraci\u00f3n con el pianista Juvenal Correa-Salas y con participaciones especiales de la clarinetista Abigail Meneses y el contrabajista Frank Castillo, ofrecer\u00e1 un variado programa que abarca desde el Barroco hasta el siglo XX. Durante la interpretaci\u00f3n, se destacar\u00e1n obras de compositores como H\u00e4ndel, Mozart, Schubert, Delibes, Pasatieri y un especial toque paname\u00f1o con una pieza de Vicente G\u00f3mez Gudi\u00f1o.<\/p>\n<p>&nbsp;<\/p>\n<p>Durante su maestr\u00eda en canto en la FIU Wertheim School of Music &amp; Performing Arts, tuvo el privilegio de representar a la universidad en importantes proyectos internacionales, participar en producciones acad\u00e9micas de alto nivel y recibir reconocimientos por su desempe\u00f1o. Represent\u00f3 a FIU en el programa Voces Unidas del Young Voices Program de Santa Fe Opera, Nuevo Mexico, enfocado en artistas emergentes y actu\u00f3 como solista en el Festival Brunetti en Espa\u00f1a, present\u00e1ndose en Madrid, \u00c1vila y El Escorial con un repertorio de m\u00fasica barroca latinoamericana.<\/p>\n<p>&nbsp;<\/p>\n<p>A la vez particip\u00f3 en proyectos y producciones de versatilidad art\u00edstica y vocal interpretando el rol de Belinda en Dido y Aeneas de Henry Purcell, participando en conciertos de zarzuela y explorando as\u00ed este importante g\u00e9nero hispano. Tambi\u00e9n form\u00f3 parte de un programa de repertorio franc\u00e9s, destacando la riqueza estil\u00edstica y ling\u00fc\u00edstica del g\u00e9nero e interpret\u00f3 el monodrama moderno Egon und Emilie de Ernst Toch, obra que exige una t\u00e9cnica refinada como soprano coloratura y una intensa expresividad dram\u00e1tica.<\/p>\n<p>&nbsp;<\/p>\n<p>Entre sus reconocimientos acad\u00e9micos se destacan: ser miembro del Graduate Advisory Board (GAB) de FIU, donde colabor\u00f3 con la Escuela de Posgrado para mejorar las pol\u00edticas y servicios estudiantiles, haber sido ganadora del segundo lugar en el Scholarly Forum 2024 de FIU por su investigaci\u00f3n acad\u00e9mica y art\u00edstica y haber sido becaria del Radcliffe Art + Design Incubator Fellowship, donde\u00a0 comenz\u00f3 a desarrollar en los Estados Unidos \u00abLibiamo\u00bb, una compa\u00f1\u00eda de \u00f3pera c\u00f3mica, con el prop\u00f3sito de acercar el g\u00e9nero oper\u00edstico a nuevas audiencias de manera innovadora y accesible.<\/p>\n<p>&nbsp;<\/p>\n<p>Libia Monta\u00f1o ha sido ganadora de las Ayudas a la Especializaci\u00f3n del Sector Musical, convocatoria 2023 del Programa Iberm\u00fasicas.<\/p>\n<p>&nbsp;<\/p>\n<ul>\n<li>Lunes 9 de diciembre, 19h: Concert Hall, FIU Wertheim School of Music &amp; Performing Arts, Miami, Estados Unidos. El evento se transmitir\u00e1 en vivo en la plataforma Vimeo Livestream: https:\/\/livestream.com\/fiu-som<\/li>\n<\/ul>\n","protected":false},"excerpt":{"rendered":"<p>Este recital, organizado en colaboraci\u00f3n con el pianista Juvenal Correa-Salas y con participaciones especiales de la clarinetista Abigail Meneses y el contrabajista Frank Castillo, ofrecer\u00e1 un variado programa que abarca desde el Barroco hasta el siglo XX. Durante la interpretaci\u00f3n, se destacar\u00e1n obras de compositores como H\u00e4ndel, Mozart, Schubert, Delibes, Pasatieri y un especial toque [&hellip;]<\/p>\n","protected":false},"author":7,"featured_media":20850,"comment_status":"closed","ping_status":"closed","sticky":false,"template":"","format":"standard","meta":{"footnotes":""},"categories":[53],"tags":[],"class_list":["post-20849","post","type-post","status-publish","format-standard","has-post-thumbnail","hentry","category-noticias-generales"],"lang":"es","translations":{"es":20849,"pt":20852},"pll_sync_post":[],"post_mailing_queue_ids":[],"_links":{"self":[{"href":"http:\/\/staging.ibermusicas.org\/index.php\/wp-json\/wp\/v2\/posts\/20849","targetHints":{"allow":["GET"]}}],"collection":[{"href":"http:\/\/staging.ibermusicas.org\/index.php\/wp-json\/wp\/v2\/posts"}],"about":[{"href":"http:\/\/staging.ibermusicas.org\/index.php\/wp-json\/wp\/v2\/types\/post"}],"author":[{"embeddable":true,"href":"http:\/\/staging.ibermusicas.org\/index.php\/wp-json\/wp\/v2\/users\/7"}],"replies":[{"embeddable":true,"href":"http:\/\/staging.ibermusicas.org\/index.php\/wp-json\/wp\/v2\/comments?post=20849"}],"version-history":[{"count":1,"href":"http:\/\/staging.ibermusicas.org\/index.php\/wp-json\/wp\/v2\/posts\/20849\/revisions"}],"predecessor-version":[{"id":20851,"href":"http:\/\/staging.ibermusicas.org\/index.php\/wp-json\/wp\/v2\/posts\/20849\/revisions\/20851"}],"wp:featuredmedia":[{"embeddable":true,"href":"http:\/\/staging.ibermusicas.org\/index.php\/wp-json\/wp\/v2\/media\/20850"}],"wp:attachment":[{"href":"http:\/\/staging.ibermusicas.org\/index.php\/wp-json\/wp\/v2\/media?parent=20849"}],"wp:term":[{"taxonomy":"category","embeddable":true,"href":"http:\/\/staging.ibermusicas.org\/index.php\/wp-json\/wp\/v2\/categories?post=20849"},{"taxonomy":"post_tag","embeddable":true,"href":"http:\/\/staging.ibermusicas.org\/index.php\/wp-json\/wp\/v2\/tags?post=20849"}],"curies":[{"name":"wp","href":"https:\/\/api.w.org\/{rel}","templated":true}]}}