{"id":20852,"date":"2024-12-04T13:52:12","date_gmt":"2024-12-04T13:52:12","guid":{"rendered":"http:\/\/staging.ibermusicas.org\/?p=20852"},"modified":"2024-12-27T18:58:23","modified_gmt":"2024-12-27T18:58:23","slug":"a-soprano-panamiana-libia-montano-apresentara-o-seu-recital-de-graduacao-na-sala-de-concertos-da-fiu-wertheim-school-of-music-performing-arts-em-miami","status":"publish","type":"post","link":"http:\/\/staging.ibermusicas.org\/index.php\/a-soprano-panamiana-libia-montano-apresentara-o-seu-recital-de-graduacao-na-sala-de-concertos-da-fiu-wertheim-school-of-music-performing-arts-em-miami\/","title":{"rendered":"A soprano panamiana Libia Monta\u00f1o apresentar\u00e1 o seu Recital de Gradua\u00e7\u00e3o na Sala de Concertos da FIU Wertheim School of Music &#038; Performing Arts, em Miami"},"content":{"rendered":"<p>Este recital, organizado em colabora\u00e7\u00e3o com o pianista Juvenal Correa-Salas e com as participa\u00e7\u00f5es especiais da clarinetista Abigail Meneses e do contrabaixista Frank Castillo, oferecer\u00e1 um programa variado que vai do barroco ao s\u00e9culo XX. Durante a atua\u00e7\u00e3o, ser\u00e3o destacadas obras de compositores como Handel, Mozart, Schubert, Delibes, Pasatieri e um toque especial panamiano com uma pe\u00e7a de Vicente G\u00f3mez Gudi\u00f1o.<\/p>\n<p>&nbsp;<\/p>\n<p>Durante o seu mestrado em voz na FIU Wertheim School of Music &amp; Performing Arts, ela teve o privil\u00e9gio de representar a universidade em grandes projetos internacionais, participando em produ\u00e7\u00f5es acad\u00eamicas de alto n\u00edvel e recebendo reconhecimento pelo seu desempenho. Representou a FIU no programa Voces Unidas do Young Voices Program na Santa Fe Opera, Novo M\u00e9xico, que se concentra em artistas emergentes e apresentou-se como solista no Festival Brunetti, em Espanha, em Madrid, \u00c1vila e El Escorial, com um repert\u00f3rio de m\u00fasica barroca latino-americana.<\/p>\n<p>&nbsp;<\/p>\n<p>Paralelamente, participou em projectos e produ\u00e7\u00f5es de versatilidade art\u00edstica e vocal interpretando o papel de Belinda em Dido e Eneias de Henry Purcell, participando em concertos de zarzuela e explorando este importante g\u00e9nero hisp\u00e2nico. Participou tamb\u00e9m num programa de repert\u00f3rio franc\u00eas, destacando a riqueza estil\u00edstica e lingu\u00edstica do g\u00e9nero, e interpretou o monodrama moderno Egon und Emilie de Ernst Toch, obra que exige uma t\u00e9cnica aperfei\u00e7oada de soprano coloratura e uma intensa expressividade dram\u00e1tica.<\/p>\n<p>&nbsp;<\/p>\n<p>Os seus resultados acad\u00e9micos incluem ser membro do Graduate Advisory Board (GAB) da FIU, onde colaborou com a Graduate School para melhorar as pol\u00edticas e os servi\u00e7os para os estudantes, ganhar o segundo lugar no Scholarly Forum 2024 da FIU pela sua investiga\u00e7\u00e3o acad\u00e9mica e art\u00edstica, e ser Radcliffe Art + Design Incubator Fellow, onde come\u00e7ou a desenvolver \u201cLibiamo\u201d, uma companhia de \u00f3pera c\u00f3mica nos Estados Unidos, com o objetivo de levar o g\u00eanero da \u00f3pera a novos p\u00fablicos de uma forma inovadora e acess\u00edvel.<\/p>\n<p>&nbsp;<\/p>\n<p>Libia Monta\u00f1o foi vencedora das Ajudas para a Especializa\u00e7\u00e3o do Setor Musical do Programa Iberm\u00fasicas, convocat\u00f3ria 2023.<\/p>\n<ul>\n<li>Segunda-feira, 9 de dezembro, 19h: Sala de Concertos, FIU Wertheim School of Music &amp; Performing Arts, Miami, EUA. O evento ser\u00e1 transmitido em direto na plataforma Vimeo Livestream: https:\/\/livestream.com\/fiu-som<\/li>\n<\/ul>\n","protected":false},"excerpt":{"rendered":"<p>Este recital, organizado em colabora\u00e7\u00e3o com o pianista Juvenal Correa-Salas e com as participa\u00e7\u00f5es especiais da clarinetista Abigail Meneses e do contrabaixista Frank Castillo, oferecer\u00e1 um programa variado que vai do barroco ao s\u00e9culo XX. Durante a atua\u00e7\u00e3o, ser\u00e3o destacadas obras de compositores como Handel, Mozart, Schubert, Delibes, Pasatieri e um toque especial panamiano com [&hellip;]<\/p>\n","protected":false},"author":7,"featured_media":20850,"comment_status":"closed","ping_status":"closed","sticky":false,"template":"","format":"standard","meta":{"footnotes":""},"categories":[218],"tags":[],"class_list":["post-20852","post","type-post","status-publish","format-standard","has-post-thumbnail","hentry","category-noticias-generales-pt"],"lang":"pt","translations":{"pt":20852,"es":20849},"pll_sync_post":[],"post_mailing_queue_ids":[],"_links":{"self":[{"href":"http:\/\/staging.ibermusicas.org\/index.php\/wp-json\/wp\/v2\/posts\/20852","targetHints":{"allow":["GET"]}}],"collection":[{"href":"http:\/\/staging.ibermusicas.org\/index.php\/wp-json\/wp\/v2\/posts"}],"about":[{"href":"http:\/\/staging.ibermusicas.org\/index.php\/wp-json\/wp\/v2\/types\/post"}],"author":[{"embeddable":true,"href":"http:\/\/staging.ibermusicas.org\/index.php\/wp-json\/wp\/v2\/users\/7"}],"replies":[{"embeddable":true,"href":"http:\/\/staging.ibermusicas.org\/index.php\/wp-json\/wp\/v2\/comments?post=20852"}],"version-history":[{"count":1,"href":"http:\/\/staging.ibermusicas.org\/index.php\/wp-json\/wp\/v2\/posts\/20852\/revisions"}],"predecessor-version":[{"id":20853,"href":"http:\/\/staging.ibermusicas.org\/index.php\/wp-json\/wp\/v2\/posts\/20852\/revisions\/20853"}],"wp:featuredmedia":[{"embeddable":true,"href":"http:\/\/staging.ibermusicas.org\/index.php\/wp-json\/wp\/v2\/media\/20850"}],"wp:attachment":[{"href":"http:\/\/staging.ibermusicas.org\/index.php\/wp-json\/wp\/v2\/media?parent=20852"}],"wp:term":[{"taxonomy":"category","embeddable":true,"href":"http:\/\/staging.ibermusicas.org\/index.php\/wp-json\/wp\/v2\/categories?post=20852"},{"taxonomy":"post_tag","embeddable":true,"href":"http:\/\/staging.ibermusicas.org\/index.php\/wp-json\/wp\/v2\/tags?post=20852"}],"curies":[{"name":"wp","href":"https:\/\/api.w.org\/{rel}","templated":true}]}}