{"id":20854,"date":"2024-12-04T16:47:52","date_gmt":"2024-12-04T16:47:52","guid":{"rendered":"http:\/\/staging.ibermusicas.org\/?p=20854"},"modified":"2024-12-27T19:01:50","modified_gmt":"2024-12-27T19:01:50","slug":"rodrigo-lana-invita-a-aprender-mas-sobre-musica-pero-sin-teoria","status":"publish","type":"post","link":"http:\/\/staging.ibermusicas.org\/index.php\/rodrigo-lana-invita-a-aprender-mas-sobre-musica-pero-sin-teoria\/","title":{"rendered":"Rodrigo Lana invita a aprender m\u00e1s sobre m\u00fasica, pero sin teor\u00eda"},"content":{"rendered":"<p>La m\u00fasica forma parte de la vida de casi todo el mundo. Transmite informaci\u00f3n, conocimientos, culturas, pensamientos, ideolog\u00edas, entretiene, relaja y tiene multitud de otros prop\u00f3sitos e impactos. Es una forma art\u00edstica inmensamente presente en la cultura humana, pero que a menudo se sit\u00faa por encima y lejos de la comprensi\u00f3n de la gente.<\/p>\n<p>&nbsp;<\/p>\n<p>Por ello, Rodrigo Lana presentar\u00e1 el curso \u00abLa m\u00fasica es para todos: aprendiendo a escuchar con Rodrigo Lana\u00bb, que pretende ense\u00f1ar a cualquier persona interesada a percibir m\u00e1s profundamente la m\u00fasica de una forma no te\u00f3rica. Estar\u00e1 dirigido a personas a las que les gusta la m\u00fasica pero no han tenido los est\u00edmulos necesarios para desarrollar su percepci\u00f3n de los sonidos.<\/p>\n<p>&nbsp;<\/p>\n<p>El curso tendr\u00e1 un enfoque intuitivo, centrado en el sonido. Se utilizar\u00e1n analog\u00edas, ilustraciones, v\u00eddeos, ejemplos y sugerencias de pr\u00e1cticas cotidianas de forma original para que las personas sientan la m\u00fasica, perciban nuevas texturas y comprendan c\u00f3mo se construye, a trav\u00e9s del pulso, el ritmo, la melod\u00eda, la armon\u00eda, el timbre, el arreglo y mucho m\u00e1s.<\/p>\n<p>&nbsp;<\/p>\n<p>Se distribuir\u00e1n 100 becas completas para personas pertenecientes a colectivos espec\u00edficos: mujeres, afrodescendientes, gitanos, mayores, inmigrantes, LGBTQIA+ e ind\u00edgenas. Las becas se solicitar\u00e1n a trav\u00e9s de un formulario de Google.<\/p>\n<p>&nbsp;<\/p>\n<p>Audio For Singers es una iniciativa que ha sido ganadora de las Ayudas al Sector Musical en Modalidad Virtual del Programa Iberm\u00fasicas en dos oportunidades.<\/p>\n<p>&nbsp;<\/p>\n<p>Para dar in\u00edcio ao curso, habr\u00e1 un taller gratuito el 12 de diciembre en el canal de Youtube de Rodrigo Lana.<\/p>\n<p>&nbsp;<\/p>\n<ul>\n<li>12 de diciembre, 18h no Brasil e 21h em Portugal <a href=\"https:\/\/www.youtube.com\/@RodrigoLana\">https:\/\/www.youtube.com\/@RodrigoLana<\/a><\/li>\n<\/ul>\n","protected":false},"excerpt":{"rendered":"<p>La m\u00fasica forma parte de la vida de casi todo el mundo. Transmite informaci\u00f3n, conocimientos, culturas, pensamientos, ideolog\u00edas, entretiene, relaja y tiene multitud de otros prop\u00f3sitos e impactos. Es una forma art\u00edstica inmensamente presente en la cultura humana, pero que a menudo se sit\u00faa por encima y lejos de la comprensi\u00f3n de la gente. &nbsp; [&hellip;]<\/p>\n","protected":false},"author":7,"featured_media":20855,"comment_status":"closed","ping_status":"closed","sticky":false,"template":"","format":"standard","meta":{"footnotes":""},"categories":[53],"tags":[],"class_list":["post-20854","post","type-post","status-publish","format-standard","has-post-thumbnail","hentry","category-noticias-generales"],"lang":"es","translations":{"es":20854,"pt":20857},"pll_sync_post":[],"post_mailing_queue_ids":[],"_links":{"self":[{"href":"http:\/\/staging.ibermusicas.org\/index.php\/wp-json\/wp\/v2\/posts\/20854","targetHints":{"allow":["GET"]}}],"collection":[{"href":"http:\/\/staging.ibermusicas.org\/index.php\/wp-json\/wp\/v2\/posts"}],"about":[{"href":"http:\/\/staging.ibermusicas.org\/index.php\/wp-json\/wp\/v2\/types\/post"}],"author":[{"embeddable":true,"href":"http:\/\/staging.ibermusicas.org\/index.php\/wp-json\/wp\/v2\/users\/7"}],"replies":[{"embeddable":true,"href":"http:\/\/staging.ibermusicas.org\/index.php\/wp-json\/wp\/v2\/comments?post=20854"}],"version-history":[{"count":1,"href":"http:\/\/staging.ibermusicas.org\/index.php\/wp-json\/wp\/v2\/posts\/20854\/revisions"}],"predecessor-version":[{"id":20856,"href":"http:\/\/staging.ibermusicas.org\/index.php\/wp-json\/wp\/v2\/posts\/20854\/revisions\/20856"}],"wp:featuredmedia":[{"embeddable":true,"href":"http:\/\/staging.ibermusicas.org\/index.php\/wp-json\/wp\/v2\/media\/20855"}],"wp:attachment":[{"href":"http:\/\/staging.ibermusicas.org\/index.php\/wp-json\/wp\/v2\/media?parent=20854"}],"wp:term":[{"taxonomy":"category","embeddable":true,"href":"http:\/\/staging.ibermusicas.org\/index.php\/wp-json\/wp\/v2\/categories?post=20854"},{"taxonomy":"post_tag","embeddable":true,"href":"http:\/\/staging.ibermusicas.org\/index.php\/wp-json\/wp\/v2\/tags?post=20854"}],"curies":[{"name":"wp","href":"https:\/\/api.w.org\/{rel}","templated":true}]}}