{"id":20857,"date":"2024-12-04T16:48:54","date_gmt":"2024-12-04T16:48:54","guid":{"rendered":"http:\/\/staging.ibermusicas.org\/?p=20857"},"modified":"2024-12-27T18:58:15","modified_gmt":"2024-12-27T18:58:15","slug":"rodrigo-lana-convida-as-pessoas-a-aprenderem-mais-sobre-musica-mas-sem-teoria","status":"publish","type":"post","link":"http:\/\/staging.ibermusicas.org\/index.php\/rodrigo-lana-convida-as-pessoas-a-aprenderem-mais-sobre-musica-mas-sem-teoria\/","title":{"rendered":"Rodrigo Lana convida as pessoas a aprenderem mais sobre m\u00fasica, mas sem teoria"},"content":{"rendered":"<p>A m\u00fasica faz parte da vida de praticamente qualquer pessoa. Ela transmite informa\u00e7\u00f5es, conhecimento, culturas, pensamentos, ideologias, entret\u00e9m, descansa e tem uma infinidade de outros prop\u00f3sitos e impactos. Trata-se de uma forma art\u00edstica imensamente presente na cultura humana, mas que muitas vezes \u00e9 colocada acima e distante da compreens\u00e3o do povo.<\/p>\n<p>&nbsp;<\/p>\n<p>Assim, Rodrigo Lana apresentar\u00e1 o curso \u201cM\u00fasica \u00e9 para todos: aprendendo a ouvir com Rodrigo Lana\u201d, que tem o objetivo de ensinar para qualquer pessoa interessada como perceb\u00ea-la com mais profundidade, de forma n\u00e3o te\u00f3rica. Ele ser\u00e1 feito para pessoas que gostam de m\u00fasica mas que n\u00e3o tiveram os est\u00edmulos necess\u00e1rios para o desenvolvimento da percep\u00e7\u00e3o dos sons.<\/p>\n<p>&nbsp;<\/p>\n<p>O curso ir\u00e1 por uma via intuitiva, com foco no som. Ser\u00e3o utilizadas de forma original analogias, ilustra\u00e7\u00f5es, v\u00eddeos, exemplos e sugest\u00f5es de pr\u00e1ticas di\u00e1rias para que as pessoas sintam a m\u00fasica, percebendo novas texturas e entendendo como ela \u00e9 constru\u00edda, atrav\u00e9s do pulso, ritmo, melodia, harmonia, timbre, arranjo e mais.<\/p>\n<p>&nbsp;<\/p>\n<p>Ser\u00e3o distribu\u00eddas 100 bolsas integrais para pessoas pertencentes a grupos espec\u00edficos: mulheres, afrodescendentes, ciganos, idosos, imigrantes, LGBTQIA+ e ind\u00edgenas. As inscri\u00e7\u00f5es para as bolsas ser\u00e3o via formul\u00e1rio Google.<\/p>\n<p>Audio For Singers \u00e9 uma iniciativa que j\u00e1 ganhou por duas vezes as Ajudas para o Setor Musical em Modalidade Virtual do Programa Iberm\u00fasicas.<\/p>\n<p>Para dar in\u00edcio ao curso, haver\u00e1 uma oficina gratuita no dia 12 de dezembro no seu canal do Youtube de Rodrigo Lana.<\/p>\n<p>&nbsp;<\/p>\n<ul>\n<li>12 de diciembre, 18.00 h en Brasil y 21.00 h en Portugal <a href=\"https:\/\/www.youtube.com\/@RodrigoLana\">https:\/\/www.youtube.com\/@RodrigoLana<\/a><\/li>\n<\/ul>\n","protected":false},"excerpt":{"rendered":"<p>A m\u00fasica faz parte da vida de praticamente qualquer pessoa. Ela transmite informa\u00e7\u00f5es, conhecimento, culturas, pensamentos, ideologias, entret\u00e9m, descansa e tem uma infinidade de outros prop\u00f3sitos e impactos. Trata-se de uma forma art\u00edstica imensamente presente na cultura humana, mas que muitas vezes \u00e9 colocada acima e distante da compreens\u00e3o do povo. &nbsp; Assim, Rodrigo Lana [&hellip;]<\/p>\n","protected":false},"author":7,"featured_media":20855,"comment_status":"closed","ping_status":"closed","sticky":false,"template":"","format":"standard","meta":{"footnotes":""},"categories":[218],"tags":[],"class_list":["post-20857","post","type-post","status-publish","format-standard","has-post-thumbnail","hentry","category-noticias-generales-pt"],"lang":"pt","translations":{"pt":20857,"es":20854},"pll_sync_post":[],"post_mailing_queue_ids":[],"_links":{"self":[{"href":"http:\/\/staging.ibermusicas.org\/index.php\/wp-json\/wp\/v2\/posts\/20857","targetHints":{"allow":["GET"]}}],"collection":[{"href":"http:\/\/staging.ibermusicas.org\/index.php\/wp-json\/wp\/v2\/posts"}],"about":[{"href":"http:\/\/staging.ibermusicas.org\/index.php\/wp-json\/wp\/v2\/types\/post"}],"author":[{"embeddable":true,"href":"http:\/\/staging.ibermusicas.org\/index.php\/wp-json\/wp\/v2\/users\/7"}],"replies":[{"embeddable":true,"href":"http:\/\/staging.ibermusicas.org\/index.php\/wp-json\/wp\/v2\/comments?post=20857"}],"version-history":[{"count":1,"href":"http:\/\/staging.ibermusicas.org\/index.php\/wp-json\/wp\/v2\/posts\/20857\/revisions"}],"predecessor-version":[{"id":20858,"href":"http:\/\/staging.ibermusicas.org\/index.php\/wp-json\/wp\/v2\/posts\/20857\/revisions\/20858"}],"wp:featuredmedia":[{"embeddable":true,"href":"http:\/\/staging.ibermusicas.org\/index.php\/wp-json\/wp\/v2\/media\/20855"}],"wp:attachment":[{"href":"http:\/\/staging.ibermusicas.org\/index.php\/wp-json\/wp\/v2\/media?parent=20857"}],"wp:term":[{"taxonomy":"category","embeddable":true,"href":"http:\/\/staging.ibermusicas.org\/index.php\/wp-json\/wp\/v2\/categories?post=20857"},{"taxonomy":"post_tag","embeddable":true,"href":"http:\/\/staging.ibermusicas.org\/index.php\/wp-json\/wp\/v2\/tags?post=20857"}],"curies":[{"name":"wp","href":"https:\/\/api.w.org\/{rel}","templated":true}]}}