{"id":20859,"date":"2024-12-04T16:50:09","date_gmt":"2024-12-04T16:50:09","guid":{"rendered":"http:\/\/staging.ibermusicas.org\/?p=20859"},"modified":"2024-12-27T19:01:44","modified_gmt":"2024-12-27T19:01:44","slug":"el-bajista-y-contrabajista-paraguayo-nicolas-canete-ofrecera-un-concierto-y-dos-talleres-como-actividades-de-cierre-de-su-especializacion-en-flamenco","status":"publish","type":"post","link":"http:\/\/staging.ibermusicas.org\/index.php\/el-bajista-y-contrabajista-paraguayo-nicolas-canete-ofrecera-un-concierto-y-dos-talleres-como-actividades-de-cierre-de-su-especializacion-en-flamenco\/","title":{"rendered":"El bajista y contrabajista paraguayo Nicol\u00e1s Ca\u00f1ete ofrecer\u00e1 un concierto y dos talleres como actividades de cierre de su especializaci\u00f3n en Flamenco"},"content":{"rendered":"<p>Nicol\u00e1s Ca\u00f1ete es un contrabajista, bajista el\u00e9ctrico, compositor y productor musical paraguayo que se destaca por la creaci\u00f3n de nuevas m\u00fasicas fusionando el flamenco, el jazz, la m\u00fasica africana y la m\u00fasica paraguaya. A modo de cierre de su trabajo de especializaci\u00f3n llevado a cabo en Espa\u00f1a mediante el apoyo de Iberm\u00fasicas, ofrecer\u00e1 un concierto presencial y dos talleres on-line.<\/p>\n<p>&nbsp;<\/p>\n<p>El taller de m\u00fasica espa\u00f1ola Flamenca ser\u00e1 impartido en colaboraci\u00f3n entre Nicol\u00e1s Ca\u00f1ete y el Maestro Pedro Ojesto, quien ha sido productor de importantes discos como \u201cLa Chanson Flamenca\u201d y de artistas como El Negri, El Yunque, Israel, entre otros. Fue profesor y jefe de estudios del Taller de M\u00fasicos de Madrid desde su fundaci\u00f3n.<\/p>\n<p>&nbsp;<\/p>\n<p>El concierto constar\u00e1 de dos funciones que tendr\u00e1n lugar el mismo d\u00eda y ser\u00e1n realizadas en el caf\u00e9\u00a0 \u201cEl Despertar\u201d\u00a0 uno de los clubes de m\u00fasica en vivo m\u00e1s antiguos de Madrid, a\u00fan en perfecto funcionamiento apostando a la m\u00fasica contempor\u00e1nea vanguardista y el jazz.<\/p>\n<p>&nbsp;<\/p>\n<p>Nicol\u00e1s Ca\u00f1ete interpretar\u00e1 arreglos y composiciones propias, tanto instrumentales como vocales en las que fusionar\u00e1 la m\u00fasica paraguaya con el flamenco utilizando los nuevos recursos adquiridos. Estar\u00e1 acompa\u00f1ado por el Maestro Pedro Ojesto en piano, Antonio Losada en percusi\u00f3n y Gabriela Gim\u00e9nez en cante y palmas.<\/p>\n<p>&nbsp;<\/p>\n<ul>\n<li>Talleres on-line: 12 de diciembre 18h y 18 de diciembre 20h<\/li>\n<li>Concierto: 27 de diciembre 20h30 y 23h en Caf\u00e9 El Despertar, Madrid, Espa\u00f1a<\/li>\n<\/ul>\n","protected":false},"excerpt":{"rendered":"<p>Nicol\u00e1s Ca\u00f1ete es un contrabajista, bajista el\u00e9ctrico, compositor y productor musical paraguayo que se destaca por la creaci\u00f3n de nuevas m\u00fasicas fusionando el flamenco, el jazz, la m\u00fasica africana y la m\u00fasica paraguaya. A modo de cierre de su trabajo de especializaci\u00f3n llevado a cabo en Espa\u00f1a mediante el apoyo de Iberm\u00fasicas, ofrecer\u00e1 un concierto [&hellip;]<\/p>\n","protected":false},"author":7,"featured_media":20868,"comment_status":"closed","ping_status":"closed","sticky":false,"template":"","format":"standard","meta":{"footnotes":""},"categories":[53],"tags":[],"class_list":["post-20859","post","type-post","status-publish","format-standard","has-post-thumbnail","hentry","category-noticias-generales"],"lang":"es","translations":{"es":20859,"pt":20862},"pll_sync_post":[],"post_mailing_queue_ids":[],"_links":{"self":[{"href":"http:\/\/staging.ibermusicas.org\/index.php\/wp-json\/wp\/v2\/posts\/20859","targetHints":{"allow":["GET"]}}],"collection":[{"href":"http:\/\/staging.ibermusicas.org\/index.php\/wp-json\/wp\/v2\/posts"}],"about":[{"href":"http:\/\/staging.ibermusicas.org\/index.php\/wp-json\/wp\/v2\/types\/post"}],"author":[{"embeddable":true,"href":"http:\/\/staging.ibermusicas.org\/index.php\/wp-json\/wp\/v2\/users\/7"}],"replies":[{"embeddable":true,"href":"http:\/\/staging.ibermusicas.org\/index.php\/wp-json\/wp\/v2\/comments?post=20859"}],"version-history":[{"count":1,"href":"http:\/\/staging.ibermusicas.org\/index.php\/wp-json\/wp\/v2\/posts\/20859\/revisions"}],"predecessor-version":[{"id":20861,"href":"http:\/\/staging.ibermusicas.org\/index.php\/wp-json\/wp\/v2\/posts\/20859\/revisions\/20861"}],"wp:featuredmedia":[{"embeddable":true,"href":"http:\/\/staging.ibermusicas.org\/index.php\/wp-json\/wp\/v2\/media\/20868"}],"wp:attachment":[{"href":"http:\/\/staging.ibermusicas.org\/index.php\/wp-json\/wp\/v2\/media?parent=20859"}],"wp:term":[{"taxonomy":"category","embeddable":true,"href":"http:\/\/staging.ibermusicas.org\/index.php\/wp-json\/wp\/v2\/categories?post=20859"},{"taxonomy":"post_tag","embeddable":true,"href":"http:\/\/staging.ibermusicas.org\/index.php\/wp-json\/wp\/v2\/tags?post=20859"}],"curies":[{"name":"wp","href":"https:\/\/api.w.org\/{rel}","templated":true}]}}