{"id":20862,"date":"2024-12-04T16:51:18","date_gmt":"2024-12-04T16:51:18","guid":{"rendered":"http:\/\/staging.ibermusicas.org\/?p=20862"},"modified":"2024-12-27T18:58:10","modified_gmt":"2024-12-27T18:58:10","slug":"o-baixista-e-contrabaixista-paraguaio-nicolas-canete-fara-um-concerto-e-dois-oficinas-como-atividades-de-encerramento-de-sua-especializacao-em-flamenco","status":"publish","type":"post","link":"http:\/\/staging.ibermusicas.org\/index.php\/o-baixista-e-contrabaixista-paraguaio-nicolas-canete-fara-um-concerto-e-dois-oficinas-como-atividades-de-encerramento-de-sua-especializacao-em-flamenco\/","title":{"rendered":"O baixista e contrabaixista paraguaio Nicol\u00e1s Ca\u00f1ete far\u00e1 um concerto e dois oficinas como atividades de encerramento de sua especializa\u00e7\u00e3o em Flamenco"},"content":{"rendered":"<p>Nicol\u00e1s Ca\u00f1ete \u00e9 um contrabaixista, baixista el\u00e9trico, compositor e produtor musical paraguaio que se destaca pela cria\u00e7\u00e3o de novas m\u00fasicas que fundem flamenco, jazz, m\u00fasica africana e m\u00fasica paraguaia. Para encerrar seu trabalho de especializa\u00e7\u00e3o realizado na Espanha com o apoio do Iberm\u00fasicas, ele far\u00e1 um concerto presencial e duas oficinas on-line.<\/p>\n<p>&nbsp;<\/p>\n<p>A oficina de m\u00fasica flamenca espanhola ser\u00e1 ministrada em colabora\u00e7\u00e3o entre Nicol\u00e1s Ca\u00f1ete e o maestro Pedro Ojesto, que produziu importantes discos como \u201cLa Chanson Flamenca\u201d e artistas como El Negri, El Yunque, Israel, entre outros. Ele \u00e9 professor e chefe de estudos no Taller de M\u00fasicos de Madri desde sua funda\u00e7\u00e3o.<\/p>\n<p>&nbsp;<\/p>\n<p>O concerto consistir\u00e1 em duas apresenta\u00e7\u00f5es que ocorrer\u00e3o no mesmo dia e ser\u00e3o realizadas no caf\u00e9 \u201cEl Despertar\u201d, um dos mais antigos clubes de m\u00fasica ao vivo de Madri, ainda em perfeito estado de funcionamento, com foco em m\u00fasica contempor\u00e2nea de vanguarda e jazz.<\/p>\n<p>&nbsp;<\/p>\n<p>Nicol\u00e1s Ca\u00f1ete apresentar\u00e1 seus pr\u00f3prios arranjos e composi\u00e7\u00f5es, tanto instrumentais quanto vocais, nas quais fundir\u00e1 a m\u00fasica paraguaia com o flamenco usando os novos recursos que adquiriu. Ele ser\u00e1 acompanhado pelo Maestro Pedro Ojesto no piano, Antonio Losada na percuss\u00e3o e Gabriela Gim\u00e9nez nos vocais e palmas.<\/p>\n<p>&nbsp;<\/p>\n<ul>\n<li>Workshops on-line: 12 de dezembro \u00e0s 18h e 18 de dezembro \u00e0s 20h.<\/li>\n<li>Concerto: 27 de dezembro, \u00e0s 20h30 e 23h, no Caf\u00e9 El Despertar, Madri, Espanha.<\/li>\n<\/ul>\n","protected":false},"excerpt":{"rendered":"<p>Nicol\u00e1s Ca\u00f1ete \u00e9 um contrabaixista, baixista el\u00e9trico, compositor e produtor musical paraguaio que se destaca pela cria\u00e7\u00e3o de novas m\u00fasicas que fundem flamenco, jazz, m\u00fasica africana e m\u00fasica paraguaia. Para encerrar seu trabalho de especializa\u00e7\u00e3o realizado na Espanha com o apoio do Iberm\u00fasicas, ele far\u00e1 um concerto presencial e duas oficinas on-line. &nbsp; A oficina [&hellip;]<\/p>\n","protected":false},"author":7,"featured_media":20860,"comment_status":"closed","ping_status":"closed","sticky":false,"template":"","format":"standard","meta":{"footnotes":""},"categories":[218],"tags":[],"class_list":["post-20862","post","type-post","status-publish","format-standard","has-post-thumbnail","hentry","category-noticias-generales-pt"],"lang":"pt","translations":{"pt":20862,"es":20859},"pll_sync_post":[],"post_mailing_queue_ids":[],"_links":{"self":[{"href":"http:\/\/staging.ibermusicas.org\/index.php\/wp-json\/wp\/v2\/posts\/20862","targetHints":{"allow":["GET"]}}],"collection":[{"href":"http:\/\/staging.ibermusicas.org\/index.php\/wp-json\/wp\/v2\/posts"}],"about":[{"href":"http:\/\/staging.ibermusicas.org\/index.php\/wp-json\/wp\/v2\/types\/post"}],"author":[{"embeddable":true,"href":"http:\/\/staging.ibermusicas.org\/index.php\/wp-json\/wp\/v2\/users\/7"}],"replies":[{"embeddable":true,"href":"http:\/\/staging.ibermusicas.org\/index.php\/wp-json\/wp\/v2\/comments?post=20862"}],"version-history":[{"count":1,"href":"http:\/\/staging.ibermusicas.org\/index.php\/wp-json\/wp\/v2\/posts\/20862\/revisions"}],"predecessor-version":[{"id":20863,"href":"http:\/\/staging.ibermusicas.org\/index.php\/wp-json\/wp\/v2\/posts\/20862\/revisions\/20863"}],"wp:featuredmedia":[{"embeddable":true,"href":"http:\/\/staging.ibermusicas.org\/index.php\/wp-json\/wp\/v2\/media\/20860"}],"wp:attachment":[{"href":"http:\/\/staging.ibermusicas.org\/index.php\/wp-json\/wp\/v2\/media?parent=20862"}],"wp:term":[{"taxonomy":"category","embeddable":true,"href":"http:\/\/staging.ibermusicas.org\/index.php\/wp-json\/wp\/v2\/categories?post=20862"},{"taxonomy":"post_tag","embeddable":true,"href":"http:\/\/staging.ibermusicas.org\/index.php\/wp-json\/wp\/v2\/tags?post=20862"}],"curies":[{"name":"wp","href":"https:\/\/api.w.org\/{rel}","templated":true}]}}