{"id":20866,"date":"2024-12-04T16:54:54","date_gmt":"2024-12-04T16:54:54","guid":{"rendered":"http:\/\/staging.ibermusicas.org\/?p=20866"},"modified":"2024-12-27T18:58:03","modified_gmt":"2024-12-27T18:58:03","slug":"orquesta-musineira-de-argentina-presenta-su-video-colaborativo-y-su-cuadernillo-de-arreglos-2","status":"publish","type":"post","link":"http:\/\/staging.ibermusicas.org\/index.php\/orquesta-musineira-de-argentina-presenta-su-video-colaborativo-y-su-cuadernillo-de-arreglos-2\/","title":{"rendered":"Orquesta MUSINEIRA de Argentina presenta su video colaborativo y su cuadernillo de arreglos"},"content":{"rendered":"<p>La Orquesta de la Escuela Musineira presenta el video \u00abWangelen\u00bb, sobre una tema compuesto por Anahi Mariluan, con artistas invitados de Espa\u00f1a, Cuba y\u00a0 Colombia.<\/p>\n<p>&nbsp;<\/p>\n<p>En 2022 y 2023, la orquesta Musineira ofreci\u00f3 una capacitaci\u00f3n gratuita para estudiantes de m\u00fasica, que acerc\u00f3 a los participantes al lenguaje folkl\u00f3rico sinf\u00f3nico desde el abordaje de obras originales de compositoras argentinas referentes de la m\u00fasica popular con arreglos de Ana Robles.<\/p>\n<p>&nbsp;<\/p>\n<p>\u00abWangelen significa estrella en mapuzungun y la canci\u00f3n pide que no nos falte el valor. Este canto lo compuse por la justicia que necesita el pueblo mapuche. Creo que\u00a0 su lucha es emblema internacional por la dignidad y fortaleza. Cuidamos de la tierra y del camino de estrellas para todos.\u00bb Anahi Mariluan<\/p>\n<p>&nbsp;<\/p>\n<p>Anahi Mariluan es cantora, m\u00fasica mapuche y compositora de cantos en mapuzungun (idioma del pueblo mapuche). Realiza sus composiciones con la convicci\u00f3n de contribuir al futuro del pueblo al que pertenece. Edit\u00f3 cuatro \u00e1lbumes: \u201cKisulelai\u00f1 &#8211; No estamos solas\u201d (2015), \u201cAmulepe tai\u00f1 purrun &#8211; Que siga nuestro baile\u201d (2016), \u201cMankewen\u00fcy &#8211; Amiga del c\u00f3ndor\u201d (2018) y \u201cFutrakecheyem zomo &#8211; Ancestras\u201d (2021), a trav\u00e9s del sello argentino Club del Disco.<\/p>\n<p>&nbsp;<\/p>\n<p>Participar\u00e1n del video los siguientes artistas: Alica Pez\u00a0 (Argentina), Pablo Gim\u00e9nez (Argentina), Sof\u00eda Elena S\u00e1nchez (Colombia); , Laura Flores (Cuba) y Tanit Navarro (Espa\u00f1a).<\/p>\n<p>&nbsp;<\/p>\n<p>El cuadernillo \u201cOrquesta Juvenil Musineira\u201d, con arreglos de Ana Robles sobre obras de artistas mujeres de Argentina trabajadas por la Orquesta Juvenil Musineira en 2022 y 2023 incluye obras de Mariana Carrizo (Salta), Clara Cantore (C\u00f3rdoba), Sandra Corizzo (Santa Fe), Ana Robles (La Rioja), Sof Tot (Neuqu\u00e9n), Silvina G\u00f3mez (Entre R\u00edos), Clara Presta (C\u00f3rdoba) y Anahi Mariluan (Neuqu\u00e9n).\u00a0 Se entregar\u00e1 en formato digital y estar\u00e1 disponible para su descarga gratuita a trav\u00e9s de la web y plataformas espec\u00edficas del g\u00e9nero.<\/p>\n<p>&nbsp;<\/p>\n<p>Estas actividades de Musineira, cuentan con el apoyo del Programa Iberm\u00fasicas mediante sus Ayudas al Sector Musical en Modalidad Virtual, convocatoria 2023.<\/p>\n<p>&nbsp;<\/p>\n<ul>\n<li>13 de diciembre 19h30 en Fundaci\u00f3n Juanito, Amen\u00e1bar 372, Ciudad de Buenos Aires, Argentina y en <a href=\"https:\/\/www.youtube.com\/channel\/UC7HDd4hM8Ad-hbzbKF-pkrw\">https:\/\/www.youtube.com\/channel\/UC7HDd4hM8Ad-hbzbKF-pkrw<\/a><\/li>\n<\/ul>\n","protected":false},"excerpt":{"rendered":"<p>La Orquesta de la Escuela Musineira presenta el video \u00abWangelen\u00bb, sobre una tema compuesto por Anahi Mariluan, con artistas invitados de Espa\u00f1a, Cuba y\u00a0 Colombia. &nbsp; En 2022 y 2023, la orquesta Musineira ofreci\u00f3 una capacitaci\u00f3n gratuita para estudiantes de m\u00fasica, que acerc\u00f3 a los participantes al lenguaje folkl\u00f3rico sinf\u00f3nico desde el abordaje de obras [&hellip;]<\/p>\n","protected":false},"author":7,"featured_media":20860,"comment_status":"closed","ping_status":"closed","sticky":false,"template":"","format":"standard","meta":{"footnotes":""},"categories":[218],"tags":[],"class_list":["post-20866","post","type-post","status-publish","format-standard","has-post-thumbnail","hentry","category-noticias-generales-pt"],"lang":"pt","translations":{"pt":20866,"es":20864},"pll_sync_post":[],"post_mailing_queue_ids":[],"_links":{"self":[{"href":"http:\/\/staging.ibermusicas.org\/index.php\/wp-json\/wp\/v2\/posts\/20866","targetHints":{"allow":["GET"]}}],"collection":[{"href":"http:\/\/staging.ibermusicas.org\/index.php\/wp-json\/wp\/v2\/posts"}],"about":[{"href":"http:\/\/staging.ibermusicas.org\/index.php\/wp-json\/wp\/v2\/types\/post"}],"author":[{"embeddable":true,"href":"http:\/\/staging.ibermusicas.org\/index.php\/wp-json\/wp\/v2\/users\/7"}],"replies":[{"embeddable":true,"href":"http:\/\/staging.ibermusicas.org\/index.php\/wp-json\/wp\/v2\/comments?post=20866"}],"version-history":[{"count":1,"href":"http:\/\/staging.ibermusicas.org\/index.php\/wp-json\/wp\/v2\/posts\/20866\/revisions"}],"predecessor-version":[{"id":20867,"href":"http:\/\/staging.ibermusicas.org\/index.php\/wp-json\/wp\/v2\/posts\/20866\/revisions\/20867"}],"wp:featuredmedia":[{"embeddable":true,"href":"http:\/\/staging.ibermusicas.org\/index.php\/wp-json\/wp\/v2\/media\/20860"}],"wp:attachment":[{"href":"http:\/\/staging.ibermusicas.org\/index.php\/wp-json\/wp\/v2\/media?parent=20866"}],"wp:term":[{"taxonomy":"category","embeddable":true,"href":"http:\/\/staging.ibermusicas.org\/index.php\/wp-json\/wp\/v2\/categories?post=20866"},{"taxonomy":"post_tag","embeddable":true,"href":"http:\/\/staging.ibermusicas.org\/index.php\/wp-json\/wp\/v2\/tags?post=20866"}],"curies":[{"name":"wp","href":"https:\/\/api.w.org\/{rel}","templated":true}]}}