{"id":20870,"date":"2024-12-04T17:15:27","date_gmt":"2024-12-04T17:15:27","guid":{"rendered":"http:\/\/staging.ibermusicas.org\/?p=20870"},"modified":"2024-12-27T19:01:31","modified_gmt":"2024-12-27T19:01:31","slug":"la-orquesta-juvenil-del-atlantico-de-espana-y-la-orquesta-juvenil-del-sodre-de-uruguay-se-encontraran-en-uruguay-para-realizar-conciertos-en-conjunto","status":"publish","type":"post","link":"http:\/\/staging.ibermusicas.org\/index.php\/la-orquesta-juvenil-del-atlantico-de-espana-y-la-orquesta-juvenil-del-sodre-de-uruguay-se-encontraran-en-uruguay-para-realizar-conciertos-en-conjunto\/","title":{"rendered":"La Orquesta Juvenil del Atl\u00e1ntico de Espa\u00f1a y la Orquesta Juvenil del SODRE de Uruguay se encontrar\u00e1n en Uruguay para realizar conciertos en conjunto"},"content":{"rendered":"<p>En agosto de 2022 se realizaron unas jornadas de encuentro e intercambio entre la Orquesta Sinf\u00f3nica Juvenil del Atl\u00e1ntico, OSJA y la Orquesta Juvenil del SODRE en el Municipio Grancanario de Ag\u00fcimes con un intenso trabajo art\u00edstico. Liderados por sus directores, La maestra Isabel Costes y el maestro Ariel Britos respectivamente, prepararon dos conciertos en Gran Canaria bajo el t\u00edtulo de M\u00fasicas del Atl\u00e1ntico. La segunda parte del encuentro, que tendr\u00e1 lugar en Uruguay, permitir\u00e1 volver a unir a m\u00fasicos emergentes de Canarias y Uruguay, de gran talento y formaci\u00f3n, aglutinados por la m\u00fasica y el Oc\u00e9ano Atl\u00e1ntico.<\/p>\n<p>&nbsp;<\/p>\n<p>El programa de los conciertos incluir\u00e1 obras de la compositora argentina Claudia Montero: <em>\u00abUn Relato sobre Camila\u00bb<\/em>, \u00ab<em>Rincones de Buenos Aires\u00bb y el \u00abConcierto para Viol\u00edn\u00bb<\/em>.\u00a0 Todas las presentaciones ser\u00e1n realizadas de manera conjunta entre los dos elencos y ser\u00e1n dirigidas por los dos directores de ambas entidades.<\/p>\n<p>&nbsp;<\/p>\n<p>Esta gira de la Orquesta Juvenil del Atl\u00e1ntico cuenta con el apoyo de Iberm\u00fasicas mediante sus ayudas a la circulaci\u00f3n, convocatoria 2023.<\/p>\n<ul>\n<li>28 de diciembre, concierto en Juan Lacaze, Colonia, Uruguay<\/li>\n<li>30 de diciembre, Concierto de A\u00f1o Nuevo en el Auditorio Nacional del SODRE, Montevideo, Uruguay<\/li>\n<\/ul>\n","protected":false},"excerpt":{"rendered":"<p>En agosto de 2022 se realizaron unas jornadas de encuentro e intercambio entre la Orquesta Sinf\u00f3nica Juvenil del Atl\u00e1ntico, OSJA y la Orquesta Juvenil del SODRE en el Municipio Grancanario de Ag\u00fcimes con un intenso trabajo art\u00edstico. Liderados por sus directores, La maestra Isabel Costes y el maestro Ariel Britos respectivamente, prepararon dos conciertos en [&hellip;]<\/p>\n","protected":false},"author":7,"featured_media":20871,"comment_status":"closed","ping_status":"closed","sticky":false,"template":"","format":"standard","meta":{"footnotes":""},"categories":[53],"tags":[],"class_list":["post-20870","post","type-post","status-publish","format-standard","has-post-thumbnail","hentry","category-noticias-generales"],"lang":"es","translations":{"es":20870,"pt":20874},"pll_sync_post":[],"post_mailing_queue_ids":[],"_links":{"self":[{"href":"http:\/\/staging.ibermusicas.org\/index.php\/wp-json\/wp\/v2\/posts\/20870","targetHints":{"allow":["GET"]}}],"collection":[{"href":"http:\/\/staging.ibermusicas.org\/index.php\/wp-json\/wp\/v2\/posts"}],"about":[{"href":"http:\/\/staging.ibermusicas.org\/index.php\/wp-json\/wp\/v2\/types\/post"}],"author":[{"embeddable":true,"href":"http:\/\/staging.ibermusicas.org\/index.php\/wp-json\/wp\/v2\/users\/7"}],"replies":[{"embeddable":true,"href":"http:\/\/staging.ibermusicas.org\/index.php\/wp-json\/wp\/v2\/comments?post=20870"}],"version-history":[{"count":2,"href":"http:\/\/staging.ibermusicas.org\/index.php\/wp-json\/wp\/v2\/posts\/20870\/revisions"}],"predecessor-version":[{"id":20873,"href":"http:\/\/staging.ibermusicas.org\/index.php\/wp-json\/wp\/v2\/posts\/20870\/revisions\/20873"}],"wp:featuredmedia":[{"embeddable":true,"href":"http:\/\/staging.ibermusicas.org\/index.php\/wp-json\/wp\/v2\/media\/20871"}],"wp:attachment":[{"href":"http:\/\/staging.ibermusicas.org\/index.php\/wp-json\/wp\/v2\/media?parent=20870"}],"wp:term":[{"taxonomy":"category","embeddable":true,"href":"http:\/\/staging.ibermusicas.org\/index.php\/wp-json\/wp\/v2\/categories?post=20870"},{"taxonomy":"post_tag","embeddable":true,"href":"http:\/\/staging.ibermusicas.org\/index.php\/wp-json\/wp\/v2\/tags?post=20870"}],"curies":[{"name":"wp","href":"https:\/\/api.w.org\/{rel}","templated":true}]}}