{"id":20874,"date":"2024-12-04T17:17:10","date_gmt":"2024-12-04T17:17:10","guid":{"rendered":"http:\/\/staging.ibermusicas.org\/?p=20874"},"modified":"2024-12-27T18:57:57","modified_gmt":"2024-12-27T18:57:57","slug":"a-orquesta-juvenil-del-atlantico-de-espanha-e-a-orquesta-juvenil-del-sodre-do-uruguai-reunir-se-ao-no-uruguai-para-realizar-concertos-em-conjunto","status":"publish","type":"post","link":"http:\/\/staging.ibermusicas.org\/index.php\/a-orquesta-juvenil-del-atlantico-de-espanha-e-a-orquesta-juvenil-del-sodre-do-uruguai-reunir-se-ao-no-uruguai-para-realizar-concertos-em-conjunto\/","title":{"rendered":"A Orquesta Juvenil del Atl\u00e1ntico de Espanha e a Orquesta Juvenil del SODRE do Uruguai reunir-se-\u00e3o no Uruguai para realizar concertos em conjunto"},"content":{"rendered":"<p>Em agosto de 2022, a Orquesta Sinf\u00f3nica Juvenil del Atl\u00e1ntico, OSJA e a Orquesta Juvenil del SODRE realizaram um intenso trabalho art\u00edstico no munic\u00edpio gran can\u00e1rio de Ag\u00fcimes. Dirigidas pelos seus maestros, a Isabel Costes e Ariel Britos, respetivamente, prepararam dois concertos na Gran Can\u00e1ria sob o t\u00edtulo M\u00fasicas del Atl\u00e1ntico. A segunda parte do encontro, que ter\u00e1 lugar no Uruguai, voltar\u00e1 a reunir m\u00fasicos emergentes das Ilhas Can\u00e1rias e do Uruguai, com grande talento e forma\u00e7\u00e3o, unidos pela m\u00fasica e pelo Oceano Atl\u00e2ntico.<\/p>\n<p>&nbsp;<\/p>\n<p>O programa dos concertos incluir\u00e1 obras da compositora argentina Claudia Montero: <em>\u201cUn Relato sobre Camila\u201d,<\/em>\u201c<em>Rincones de Buenos Aires\u201d e o \u201cConcierto para Viol\u00edn\u201d.<\/em> Todas as actua\u00e7\u00f5es ser\u00e3o realizadas conjuntamente pelos dois agrupamentos e ser\u00e3o dirigidas pelos dois maestros de ambas as entidades.<\/p>\n<p>&nbsp;<\/p>\n<p>&nbsp;<\/p>\n<p>Esta digress\u00e3o da Orquesta Juvenil del Atl\u00e1ntico conta com o apoio do Iberm\u00fasicas atrav\u00e9s das suas ajudas \u00e0 circula\u00e7\u00e3o, convocat\u00f3ria 2023.<\/p>\n<p>&nbsp;<\/p>\n<ul>\n<li>28 de dezembro, concerto em Juan Lacaze, Col\u00f3nia, Uruguai<\/li>\n<li>30 de dezembro, Concerto de Ano Novo no Auditorio Nacional del SODRE, Montevideo, Uruguai<\/li>\n<\/ul>\n","protected":false},"excerpt":{"rendered":"<p>Em agosto de 2022, a Orquesta Sinf\u00f3nica Juvenil del Atl\u00e1ntico, OSJA e a Orquesta Juvenil del SODRE realizaram um intenso trabalho art\u00edstico no munic\u00edpio gran can\u00e1rio de Ag\u00fcimes. Dirigidas pelos seus maestros, a Isabel Costes e Ariel Britos, respetivamente, prepararam dois concertos na Gran Can\u00e1ria sob o t\u00edtulo M\u00fasicas del Atl\u00e1ntico. A segunda parte do [&hellip;]<\/p>\n","protected":false},"author":7,"featured_media":20871,"comment_status":"closed","ping_status":"closed","sticky":false,"template":"","format":"standard","meta":{"footnotes":""},"categories":[218],"tags":[],"class_list":["post-20874","post","type-post","status-publish","format-standard","has-post-thumbnail","hentry","category-noticias-generales-pt"],"lang":"pt","translations":{"pt":20874,"es":20870},"pll_sync_post":[],"post_mailing_queue_ids":[],"_links":{"self":[{"href":"http:\/\/staging.ibermusicas.org\/index.php\/wp-json\/wp\/v2\/posts\/20874","targetHints":{"allow":["GET"]}}],"collection":[{"href":"http:\/\/staging.ibermusicas.org\/index.php\/wp-json\/wp\/v2\/posts"}],"about":[{"href":"http:\/\/staging.ibermusicas.org\/index.php\/wp-json\/wp\/v2\/types\/post"}],"author":[{"embeddable":true,"href":"http:\/\/staging.ibermusicas.org\/index.php\/wp-json\/wp\/v2\/users\/7"}],"replies":[{"embeddable":true,"href":"http:\/\/staging.ibermusicas.org\/index.php\/wp-json\/wp\/v2\/comments?post=20874"}],"version-history":[{"count":1,"href":"http:\/\/staging.ibermusicas.org\/index.php\/wp-json\/wp\/v2\/posts\/20874\/revisions"}],"predecessor-version":[{"id":20875,"href":"http:\/\/staging.ibermusicas.org\/index.php\/wp-json\/wp\/v2\/posts\/20874\/revisions\/20875"}],"wp:featuredmedia":[{"embeddable":true,"href":"http:\/\/staging.ibermusicas.org\/index.php\/wp-json\/wp\/v2\/media\/20871"}],"wp:attachment":[{"href":"http:\/\/staging.ibermusicas.org\/index.php\/wp-json\/wp\/v2\/media?parent=20874"}],"wp:term":[{"taxonomy":"category","embeddable":true,"href":"http:\/\/staging.ibermusicas.org\/index.php\/wp-json\/wp\/v2\/categories?post=20874"},{"taxonomy":"post_tag","embeddable":true,"href":"http:\/\/staging.ibermusicas.org\/index.php\/wp-json\/wp\/v2\/tags?post=20874"}],"curies":[{"name":"wp","href":"https:\/\/api.w.org\/{rel}","templated":true}]}}