{"id":20876,"date":"2024-12-04T17:47:52","date_gmt":"2024-12-04T17:47:52","guid":{"rendered":"http:\/\/staging.ibermusicas.org\/?p=20876"},"modified":"2024-12-27T19:01:24","modified_gmt":"2024-12-27T19:01:24","slug":"goncalo-narciso-de-portugal-y-belen-pasqualini-de-argentina-presentan-mina-de-aljustrel-un-disco-que-es-resultado-de-un-trabajo-creativo-en-colaboracion","status":"publish","type":"post","link":"http:\/\/staging.ibermusicas.org\/index.php\/goncalo-narciso-de-portugal-y-belen-pasqualini-de-argentina-presentan-mina-de-aljustrel-un-disco-que-es-resultado-de-un-trabajo-creativo-en-colaboracion\/","title":{"rendered":"Gon\u00e7alo Narciso de Portugal y Bel\u00e9n Pasqualini de Argentina, presentan \u201cMina de Aljustrel\u201d, un disco que es resultado de un trabajo creativo en colaboraci\u00f3n"},"content":{"rendered":"<p>Mina de Aljustrel es el resultado de una colaboraci\u00f3n entre la cantautora y actriz argentina Bel\u00e9n Pasqualini y el m\u00fasico portugu\u00e9s Gon\u00e7alo Narciso, que, gracias al apoyo de Iberm\u00fasicas, lograron crear este \u00e1lbum a trav\u00e9s de la<\/p>\n<p>distancia.<\/p>\n<p>&nbsp;<\/p>\n<p>El disco rinde homenaje a las culturas que han marcado la vida de ambos artistas, entrelazando lo cotidiano y lo trascendente, lo \u00edntimo y lo colectivo. A trav\u00e9s de sus<\/p>\n<p>canciones, se despliega un paisaje sonoro que refleja la naturaleza, el misterio y la belleza de lo que se oculta bajo la superficie, como las profundidades de una mina.<\/p>\n<p>&nbsp;<\/p>\n<p>Con Mina de Aljustrel, el d\u00fao busca unir dos almas que, aunque observan el mundo desde perspectivas diferentes, comparten una misma necesidad de sentido<\/p>\n<p>y conexi\u00f3n.<\/p>\n<p>&nbsp;<\/p>\n<ul>\n<li>31 de diciembre: Lanzamiento del \u00e1lbum en plataformas digitales<\/li>\n<\/ul>\n<p><iframe title=\"Spotify Embed: Bel\u00e9n Pasqualini\" style=\"border-radius: 12px\" width=\"100%\" height=\"352\" frameborder=\"0\" allowfullscreen allow=\"autoplay; clipboard-write; encrypted-media; fullscreen; picture-in-picture\" loading=\"lazy\" src=\"https:\/\/open.spotify.com\/embed\/artist\/1ISffRKyUOJ5mUhP4RIntw?utm_source=oembed\"><\/iframe><\/p>\n<p>https:\/\/www.youtube.com\/belenpasqualinimusic<\/p>\n<p><iframe title=\"Spotify Embed: Cantadores do Alentejo\" style=\"border-radius: 12px\" width=\"100%\" height=\"352\" frameborder=\"0\" allowfullscreen allow=\"autoplay; clipboard-write; encrypted-media; fullscreen; picture-in-picture\" loading=\"lazy\" src=\"https:\/\/open.spotify.com\/embed\/artist\/71SaH1GRqDZuqfwUz10OWT?si=T2C8DrJ8Q1qaMoMMiZudg&#038;utm_source=oembed\"><\/iframe><\/p>\n","protected":false},"excerpt":{"rendered":"<p>Mina de Aljustrel es el resultado de una colaboraci\u00f3n entre la cantautora y actriz argentina Bel\u00e9n Pasqualini y el m\u00fasico portugu\u00e9s Gon\u00e7alo Narciso, que, gracias al apoyo de Iberm\u00fasicas, lograron crear este \u00e1lbum a trav\u00e9s de la distancia. &nbsp; El disco rinde homenaje a las culturas que han marcado la vida de ambos artistas, entrelazando [&hellip;]<\/p>\n","protected":false},"author":7,"featured_media":20877,"comment_status":"closed","ping_status":"closed","sticky":false,"template":"","format":"standard","meta":{"footnotes":""},"categories":[53],"tags":[],"class_list":["post-20876","post","type-post","status-publish","format-standard","has-post-thumbnail","hentry","category-noticias-generales"],"lang":"es","translations":{"es":20876,"pt":20879},"pll_sync_post":[],"post_mailing_queue_ids":[],"_links":{"self":[{"href":"http:\/\/staging.ibermusicas.org\/index.php\/wp-json\/wp\/v2\/posts\/20876","targetHints":{"allow":["GET"]}}],"collection":[{"href":"http:\/\/staging.ibermusicas.org\/index.php\/wp-json\/wp\/v2\/posts"}],"about":[{"href":"http:\/\/staging.ibermusicas.org\/index.php\/wp-json\/wp\/v2\/types\/post"}],"author":[{"embeddable":true,"href":"http:\/\/staging.ibermusicas.org\/index.php\/wp-json\/wp\/v2\/users\/7"}],"replies":[{"embeddable":true,"href":"http:\/\/staging.ibermusicas.org\/index.php\/wp-json\/wp\/v2\/comments?post=20876"}],"version-history":[{"count":1,"href":"http:\/\/staging.ibermusicas.org\/index.php\/wp-json\/wp\/v2\/posts\/20876\/revisions"}],"predecessor-version":[{"id":20878,"href":"http:\/\/staging.ibermusicas.org\/index.php\/wp-json\/wp\/v2\/posts\/20876\/revisions\/20878"}],"wp:featuredmedia":[{"embeddable":true,"href":"http:\/\/staging.ibermusicas.org\/index.php\/wp-json\/wp\/v2\/media\/20877"}],"wp:attachment":[{"href":"http:\/\/staging.ibermusicas.org\/index.php\/wp-json\/wp\/v2\/media?parent=20876"}],"wp:term":[{"taxonomy":"category","embeddable":true,"href":"http:\/\/staging.ibermusicas.org\/index.php\/wp-json\/wp\/v2\/categories?post=20876"},{"taxonomy":"post_tag","embeddable":true,"href":"http:\/\/staging.ibermusicas.org\/index.php\/wp-json\/wp\/v2\/tags?post=20876"}],"curies":[{"name":"wp","href":"https:\/\/api.w.org\/{rel}","templated":true}]}}