{"id":20879,"date":"2024-12-04T17:51:19","date_gmt":"2024-12-04T17:51:19","guid":{"rendered":"http:\/\/staging.ibermusicas.org\/?p=20879"},"modified":"2024-12-27T18:57:49","modified_gmt":"2024-12-27T18:57:49","slug":"goncalo-narciso-de-portugal-e-belen-pasqualini-da-argentina-apresentam-mina-de-aljustrel-um-album-que-resulta-de-um-trabalho-criativo-colaborativo","status":"publish","type":"post","link":"http:\/\/staging.ibermusicas.org\/index.php\/goncalo-narciso-de-portugal-e-belen-pasqualini-da-argentina-apresentam-mina-de-aljustrel-um-album-que-resulta-de-um-trabalho-criativo-colaborativo\/","title":{"rendered":"Gon\u00e7alo Narciso, de Portugal, e Bel\u00e9n Pasqualini, da Argentina, apresentam \u201cMina de Aljustrel\u201d, um \u00e1lbum que resulta de um trabalho criativo colaborativo"},"content":{"rendered":"<p>Mina de Aljustrel \u00e9 o resultado de uma colabora\u00e7\u00e3o entre a cantora, compositora e atriz argentina Bel\u00e9n Pasqualini e o m\u00fasico portugu\u00eas Gon\u00e7alo Narciso, que, gra\u00e7as ao apoio do Iberm\u00fasicas, conseguiram criar este \u00e1lbum atrav\u00e9s da dist\u00e2ncia.<\/p>\n<p>&nbsp;<\/p>\n<p>O \u00e1lbum presta homenagem \u00e0s culturas que marcaram a vida dos dois artistas, entrela\u00e7ando o quotidiano e o transcendente, o \u00edntimo e o coletivo. Atrav\u00e9s das<\/p>\n<p>suas can\u00e7\u00f5es, desenrola-se uma paisagem sonora que reflecte a natureza, o mist\u00e9rio e a beleza do que se esconde sob a superf\u00edcie, como as profundezas de uma mina.<\/p>\n<p>&nbsp;<\/p>\n<p>Com Mina de Aljustrel, a dupla procura unir duas almas que, apesar de observarem o mundo de diferentes perspectivas, partilham a mesma necessidade de significado e liga\u00e7\u00e3o.<\/p>\n<ul>\n<li>31 de dezembro: Lan\u00e7amento do \u00e1lbum em plataformas digitais.<\/li>\n<\/ul>\n<p><iframe title=\"Spotify Embed: Bel\u00e9n Pasqualini\" style=\"border-radius: 12px\" width=\"100%\" height=\"352\" frameborder=\"0\" allowfullscreen allow=\"autoplay; clipboard-write; encrypted-media; fullscreen; picture-in-picture\" loading=\"lazy\" src=\"https:\/\/open.spotify.com\/embed\/artist\/1ISffRKyUOJ5mUhP4RIntw?utm_source=oembed\"><\/iframe><\/p>\n<p>https:\/\/www.youtube.com\/belenpasqualinimusic<\/p>\n<p><iframe title=\"Spotify Embed: Cantadores do Alentejo\" style=\"border-radius: 12px\" width=\"100%\" height=\"352\" frameborder=\"0\" allowfullscreen allow=\"autoplay; clipboard-write; encrypted-media; fullscreen; picture-in-picture\" loading=\"lazy\" src=\"https:\/\/open.spotify.com\/embed\/artist\/71SaH1GRqDZuqfwUz10OWT?si=T2C8DrJ8Q1qaMoMMiZudg&#038;utm_source=oembed\"><\/iframe><\/p>\n","protected":false},"excerpt":{"rendered":"<p>Mina de Aljustrel \u00e9 o resultado de uma colabora\u00e7\u00e3o entre a cantora, compositora e atriz argentina Bel\u00e9n Pasqualini e o m\u00fasico portugu\u00eas Gon\u00e7alo Narciso, que, gra\u00e7as ao apoio do Iberm\u00fasicas, conseguiram criar este \u00e1lbum atrav\u00e9s da dist\u00e2ncia. &nbsp; O \u00e1lbum presta homenagem \u00e0s culturas que marcaram a vida dos dois artistas, entrela\u00e7ando o quotidiano e [&hellip;]<\/p>\n","protected":false},"author":7,"featured_media":20877,"comment_status":"closed","ping_status":"closed","sticky":false,"template":"","format":"standard","meta":{"footnotes":""},"categories":[218],"tags":[],"class_list":["post-20879","post","type-post","status-publish","format-standard","has-post-thumbnail","hentry","category-noticias-generales-pt"],"lang":"pt","translations":{"pt":20879,"es":20876},"pll_sync_post":[],"post_mailing_queue_ids":[],"_links":{"self":[{"href":"http:\/\/staging.ibermusicas.org\/index.php\/wp-json\/wp\/v2\/posts\/20879","targetHints":{"allow":["GET"]}}],"collection":[{"href":"http:\/\/staging.ibermusicas.org\/index.php\/wp-json\/wp\/v2\/posts"}],"about":[{"href":"http:\/\/staging.ibermusicas.org\/index.php\/wp-json\/wp\/v2\/types\/post"}],"author":[{"embeddable":true,"href":"http:\/\/staging.ibermusicas.org\/index.php\/wp-json\/wp\/v2\/users\/7"}],"replies":[{"embeddable":true,"href":"http:\/\/staging.ibermusicas.org\/index.php\/wp-json\/wp\/v2\/comments?post=20879"}],"version-history":[{"count":1,"href":"http:\/\/staging.ibermusicas.org\/index.php\/wp-json\/wp\/v2\/posts\/20879\/revisions"}],"predecessor-version":[{"id":20880,"href":"http:\/\/staging.ibermusicas.org\/index.php\/wp-json\/wp\/v2\/posts\/20879\/revisions\/20880"}],"wp:featuredmedia":[{"embeddable":true,"href":"http:\/\/staging.ibermusicas.org\/index.php\/wp-json\/wp\/v2\/media\/20877"}],"wp:attachment":[{"href":"http:\/\/staging.ibermusicas.org\/index.php\/wp-json\/wp\/v2\/media?parent=20879"}],"wp:term":[{"taxonomy":"category","embeddable":true,"href":"http:\/\/staging.ibermusicas.org\/index.php\/wp-json\/wp\/v2\/categories?post=20879"},{"taxonomy":"post_tag","embeddable":true,"href":"http:\/\/staging.ibermusicas.org\/index.php\/wp-json\/wp\/v2\/tags?post=20879"}],"curies":[{"name":"wp","href":"https:\/\/api.w.org\/{rel}","templated":true}]}}