{"id":20881,"date":"2024-12-04T19:56:05","date_gmt":"2024-12-04T19:56:05","guid":{"rendered":"http:\/\/staging.ibermusicas.org\/?p=20881"},"modified":"2024-12-27T19:01:05","modified_gmt":"2024-12-27T19:01:05","slug":"en-ensamble-palito-miranda-de-paraguay-se-encuentra-grabando-su-nuevo-trabajo-discografico","status":"publish","type":"post","link":"http:\/\/staging.ibermusicas.org\/index.php\/en-ensamble-palito-miranda-de-paraguay-se-encuentra-grabando-su-nuevo-trabajo-discografico\/","title":{"rendered":"En Ensamble Palito Miranda de Paraguay se encuentra grabando su nuevo trabajo discogr\u00e1fico"},"content":{"rendered":"<p>Luego del lanzamiento en 2023 de su exitoso primer \u00e1lbum en formato vinilo y digital, que fuera presentado en importantes escenarios de Paraguay, Argentina y Brasil, el Ensamble Palito Miranda entr\u00f3 a estudio de grabaci\u00f3n para la producci\u00f3n de su segundo material discogr\u00e1fico realizado con el apoyo de Iberm\u00fasicas.<\/p>\n<p>&nbsp;<\/p>\n<p>Este nuevo trabajo re\u00fane la colaboraci\u00f3n de importantes m\u00fasicos internacionales para arreglos de grandes composiciones de m\u00fasicos de jazz paraguayos de la generaci\u00f3n del 2000 como: Oscar Aldama, Jose Villamayor, Mar Perez, Pier Pappalardo, Orlando Bonzi entre otros y con la exclusiva colaboraci\u00f3n de arregladores como los los pianistas Germ\u00e1n Lema y Emilio Solla de Argentina, el\u00a0 trombonista brasile\u00f1o Rafael Rocha y el pianista cubano Hilario Duran.<\/p>\n<p>&nbsp;<\/p>\n<p>Este nuevo trabajo del Ensamble Palito Miranda tiene por objetivo seguir combinando la tradici\u00f3n con la gran diversidad estil\u00edstica del jazz en Paraguay. El Ensamble busca consolidarse y plantear el desaf\u00edo de impulsar\u00a0 composiciones de una generaci\u00f3n espec\u00edfica del jazz de Paraguay.<\/p>\n<p>El Ensamble Palito Miranda est\u00e1 integrado por:<\/p>\n<p>Victor Morel en bater\u00eda y direcci\u00f3n, Tato Zilli en bajo el\u00e9ctrico, Victor Scura en piano, Bruno Mu\u00f1oz en saxo tenor, Oliver Duarte en saxo alto, Marcelo Diaz en saxo bar\u00edtono. Gustavo Pedersen en tromb\u00f3n y Gonzalo Nu\u00f1ez en trompeta.<\/p>\n<p>&nbsp;<\/p>\n<p>&nbsp;<\/p>\n<ul>\n<li>El disco estar\u00e1 disponible a partir de mayo de 2025 en:<\/li>\n<\/ul>\n<p><a href=\"https:\/\/open.spotify.com\/intl-es\/artist\/7l7DZRcAqDdVMhVLs1ysmX\">https:\/\/open.spotify.com\/intl-es\/artist\/7l7DZRcAqDdVMhVLs1ysmX<\/a><\/p>\n<p><a href=\"https:\/\/www.youtube.com\/@ensamblepalitomiranda\">https:\/\/www.youtube.com\/@ensamblepalitomiranda<\/a><\/p>\n","protected":false},"excerpt":{"rendered":"<p>Luego del lanzamiento en 2023 de su exitoso primer \u00e1lbum en formato vinilo y digital, que fuera presentado en importantes escenarios de Paraguay, Argentina y Brasil, el Ensamble Palito Miranda entr\u00f3 a estudio de grabaci\u00f3n para la producci\u00f3n de su segundo material discogr\u00e1fico realizado con el apoyo de Iberm\u00fasicas. &nbsp; Este nuevo trabajo re\u00fane la [&hellip;]<\/p>\n","protected":false},"author":7,"featured_media":20882,"comment_status":"closed","ping_status":"closed","sticky":false,"template":"","format":"standard","meta":{"footnotes":""},"categories":[53],"tags":[],"class_list":["post-20881","post","type-post","status-publish","format-standard","has-post-thumbnail","hentry","category-noticias-generales"],"lang":"es","translations":{"es":20881,"pt":20884},"pll_sync_post":[],"post_mailing_queue_ids":[],"_links":{"self":[{"href":"http:\/\/staging.ibermusicas.org\/index.php\/wp-json\/wp\/v2\/posts\/20881","targetHints":{"allow":["GET"]}}],"collection":[{"href":"http:\/\/staging.ibermusicas.org\/index.php\/wp-json\/wp\/v2\/posts"}],"about":[{"href":"http:\/\/staging.ibermusicas.org\/index.php\/wp-json\/wp\/v2\/types\/post"}],"author":[{"embeddable":true,"href":"http:\/\/staging.ibermusicas.org\/index.php\/wp-json\/wp\/v2\/users\/7"}],"replies":[{"embeddable":true,"href":"http:\/\/staging.ibermusicas.org\/index.php\/wp-json\/wp\/v2\/comments?post=20881"}],"version-history":[{"count":1,"href":"http:\/\/staging.ibermusicas.org\/index.php\/wp-json\/wp\/v2\/posts\/20881\/revisions"}],"predecessor-version":[{"id":20883,"href":"http:\/\/staging.ibermusicas.org\/index.php\/wp-json\/wp\/v2\/posts\/20881\/revisions\/20883"}],"wp:featuredmedia":[{"embeddable":true,"href":"http:\/\/staging.ibermusicas.org\/index.php\/wp-json\/wp\/v2\/media\/20882"}],"wp:attachment":[{"href":"http:\/\/staging.ibermusicas.org\/index.php\/wp-json\/wp\/v2\/media?parent=20881"}],"wp:term":[{"taxonomy":"category","embeddable":true,"href":"http:\/\/staging.ibermusicas.org\/index.php\/wp-json\/wp\/v2\/categories?post=20881"},{"taxonomy":"post_tag","embeddable":true,"href":"http:\/\/staging.ibermusicas.org\/index.php\/wp-json\/wp\/v2\/tags?post=20881"}],"curies":[{"name":"wp","href":"https:\/\/api.w.org\/{rel}","templated":true}]}}