{"id":20884,"date":"2024-12-04T19:57:41","date_gmt":"2024-12-04T19:57:41","guid":{"rendered":"http:\/\/staging.ibermusicas.org\/?p=20884"},"modified":"2024-12-27T18:57:43","modified_gmt":"2024-12-27T18:57:43","slug":"o-ensamble-palito-miranda-do-paraguai-esta-gravando-seu-novo-trabalho-discografico","status":"publish","type":"post","link":"http:\/\/staging.ibermusicas.org\/index.php\/o-ensamble-palito-miranda-do-paraguai-esta-gravando-seu-novo-trabalho-discografico\/","title":{"rendered":"O Ensamble Palito Miranda do Paraguai est\u00e1 gravando seu novo trabalho discogr\u00e1fico"},"content":{"rendered":"<p>Ap\u00f3s o lan\u00e7amento em 2023 do seu bem-sucedido primeiro \u00e1lbum em formato vinil e digital, que foi apresentado em importantes palcos do Paraguai, Argentina e Brasil, o Ensamble Palito Miranda entrou em est\u00fadio de grava\u00e7\u00e3o para a produ\u00e7\u00e3o do seu segundo \u00e1lbum com o apoio do Iberm\u00fasicas.<\/p>\n<p>&nbsp;<\/p>\n<p>Este novo trabalho conta com a colabora\u00e7\u00e3o de importantes m\u00fasicos internacionais para arranjos de grandes composi\u00e7\u00f5es de jazzistas paraguaios da gera\u00e7\u00e3o 2000 como: Oscar Aldama, Jose Villamayor, Mar Perez, Pier Pappalardo, Orlando Bonzi entre outros, e com a colabora\u00e7\u00e3o exclusiva de arranjadores como os pianistas Germ\u00e1n Lema e Emilio Solla da Argentina, o trombonista brasileiro Rafael Rocha e o pianista cubano Hilario Duran.<\/p>\n<p>&nbsp;<\/p>\n<p>Este novo trabalho do Ensamble Palito Miranda pretende continuar a combinar a tradi\u00e7\u00e3o com a grande diversidade estil\u00edstica do jazz no Paraguai. O Ensamble procura consolidar-se e assumir o desafio de promover composi\u00e7\u00f5es de uma gera\u00e7\u00e3o espec\u00edfica do jazz paraguaio.<\/p>\n<p>&nbsp;<\/p>\n<p>O Ensamble Palito Miranda \u00e9 formado por:<\/p>\n<p>Victor Morel na bateria e dire\u00e7\u00e3o, Tato Zilli no baixo el\u00e9trico, Victor Scura no piano, Bruno Mu\u00f1oz no sax tenor, Oliver Duarte no sax alto, Marcelo Diaz no sax bar\u00edtono. Gustavo Pedersen no trombone e Gonzalo Nu\u00f1ez no trompete.<\/p>\n<p>&nbsp;<\/p>\n<ul>\n<li>O disco estar\u00e1 dispon\u00edvel a partir de maio de 2025 em:<\/li>\n<\/ul>\n<p><a href=\"https:\/\/open.spotify.com\/intl-es\/artist\/7l7DZRcAqDdVMhVLs1ysmX\">https:\/\/open.spotify.com\/intl-es\/artist\/7l7DZRcAqDdVMhVLs1ysmX<\/a><\/p>\n","protected":false},"excerpt":{"rendered":"<p>Ap\u00f3s o lan\u00e7amento em 2023 do seu bem-sucedido primeiro \u00e1lbum em formato vinil e digital, que foi apresentado em importantes palcos do Paraguai, Argentina e Brasil, o Ensamble Palito Miranda entrou em est\u00fadio de grava\u00e7\u00e3o para a produ\u00e7\u00e3o do seu segundo \u00e1lbum com o apoio do Iberm\u00fasicas. &nbsp; Este novo trabalho conta com a colabora\u00e7\u00e3o [&hellip;]<\/p>\n","protected":false},"author":7,"featured_media":20882,"comment_status":"closed","ping_status":"closed","sticky":false,"template":"","format":"standard","meta":{"footnotes":""},"categories":[218],"tags":[],"class_list":["post-20884","post","type-post","status-publish","format-standard","has-post-thumbnail","hentry","category-noticias-generales-pt"],"lang":"pt","translations":{"pt":20884,"es":20881},"pll_sync_post":[],"post_mailing_queue_ids":[],"_links":{"self":[{"href":"http:\/\/staging.ibermusicas.org\/index.php\/wp-json\/wp\/v2\/posts\/20884","targetHints":{"allow":["GET"]}}],"collection":[{"href":"http:\/\/staging.ibermusicas.org\/index.php\/wp-json\/wp\/v2\/posts"}],"about":[{"href":"http:\/\/staging.ibermusicas.org\/index.php\/wp-json\/wp\/v2\/types\/post"}],"author":[{"embeddable":true,"href":"http:\/\/staging.ibermusicas.org\/index.php\/wp-json\/wp\/v2\/users\/7"}],"replies":[{"embeddable":true,"href":"http:\/\/staging.ibermusicas.org\/index.php\/wp-json\/wp\/v2\/comments?post=20884"}],"version-history":[{"count":1,"href":"http:\/\/staging.ibermusicas.org\/index.php\/wp-json\/wp\/v2\/posts\/20884\/revisions"}],"predecessor-version":[{"id":20885,"href":"http:\/\/staging.ibermusicas.org\/index.php\/wp-json\/wp\/v2\/posts\/20884\/revisions\/20885"}],"wp:featuredmedia":[{"embeddable":true,"href":"http:\/\/staging.ibermusicas.org\/index.php\/wp-json\/wp\/v2\/media\/20882"}],"wp:attachment":[{"href":"http:\/\/staging.ibermusicas.org\/index.php\/wp-json\/wp\/v2\/media?parent=20884"}],"wp:term":[{"taxonomy":"category","embeddable":true,"href":"http:\/\/staging.ibermusicas.org\/index.php\/wp-json\/wp\/v2\/categories?post=20884"},{"taxonomy":"post_tag","embeddable":true,"href":"http:\/\/staging.ibermusicas.org\/index.php\/wp-json\/wp\/v2\/tags?post=20884"}],"curies":[{"name":"wp","href":"https:\/\/api.w.org\/{rel}","templated":true}]}}