{"id":20886,"date":"2024-12-04T21:38:10","date_gmt":"2024-12-04T21:38:10","guid":{"rendered":"http:\/\/staging.ibermusicas.org\/?p=20886"},"modified":"2024-12-27T19:00:34","modified_gmt":"2024-12-27T19:00:34","slug":"barto-do-chapito-de-lisboa-portugal-anuncia-su-programacion-para-el-mes-de-diciembre","status":"publish","type":"post","link":"http:\/\/staging.ibermusicas.org\/index.php\/barto-do-chapito-de-lisboa-portugal-anuncia-su-programacion-para-el-mes-de-diciembre\/","title":{"rendered":"Bart\u00f4 do Chapit\u00f4 de Lisboa, Portugal, anuncia su programaci\u00f3n para el mes de diciembre"},"content":{"rendered":"<p>Bart\u00f4, en el barrio de Alfama, es un espacio abierto a las artes, con una programaci\u00f3n variada durante toda la semana. Lo m\u00e1s destacado es la m\u00fasica en directo semanal, donde se puede disfrutar de samba, fado, jazz, el club de choro, entre otros muchos estilos y g\u00e9neros. Tambi\u00e9n hay espacio para ciclos de cine, proyecciones de v\u00eddeo, representaciones de teatro y danza, conferencias y debates sobre temas de actualidad.<\/p>\n<p>Bart\u00f4 es tambi\u00e9n un espacio privilegiado para tertulias, presentaciones de libros y proyectos editoriales, exposiciones e instalaciones. En resumen, es un espacio abierto a las artes: \u00a1m\u00fasica, cine, v\u00eddeo, teatro, danza, conferencias y debates!<\/p>\n<p>Bart\u00f4 do Chapit\u00f4 es una de las propuestas ganadoras del Concurso Especial Brasil Iberm\u00fasicas 2023.<\/p>\n<p>&nbsp;<\/p>\n<ul>\n<li>2, 9, 16, 23 y 30 diciembre: Clube de Choro de Lisboa<\/li>\n<li>4, 11 y 18 de diciembre: 20h30: Encontro de Bambas<\/li>\n<li>6, 13, 20, y 27 de diciembre: Bart\u00f3 d\u00e1 Samba<\/li>\n<\/ul>\n","protected":false},"excerpt":{"rendered":"<p>Bart\u00f4, en el barrio de Alfama, es un espacio abierto a las artes, con una programaci\u00f3n variada durante toda la semana. Lo m\u00e1s destacado es la m\u00fasica en directo semanal, donde se puede disfrutar de samba, fado, jazz, el club de choro, entre otros muchos estilos y g\u00e9neros. Tambi\u00e9n hay espacio para ciclos de cine, [&hellip;]<\/p>\n","protected":false},"author":7,"featured_media":20887,"comment_status":"closed","ping_status":"closed","sticky":false,"template":"","format":"standard","meta":{"footnotes":""},"categories":[53],"tags":[],"class_list":["post-20886","post","type-post","status-publish","format-standard","has-post-thumbnail","hentry","category-noticias-generales"],"lang":"es","translations":{"es":20886,"pt":20889},"pll_sync_post":[],"post_mailing_queue_ids":[],"_links":{"self":[{"href":"http:\/\/staging.ibermusicas.org\/index.php\/wp-json\/wp\/v2\/posts\/20886","targetHints":{"allow":["GET"]}}],"collection":[{"href":"http:\/\/staging.ibermusicas.org\/index.php\/wp-json\/wp\/v2\/posts"}],"about":[{"href":"http:\/\/staging.ibermusicas.org\/index.php\/wp-json\/wp\/v2\/types\/post"}],"author":[{"embeddable":true,"href":"http:\/\/staging.ibermusicas.org\/index.php\/wp-json\/wp\/v2\/users\/7"}],"replies":[{"embeddable":true,"href":"http:\/\/staging.ibermusicas.org\/index.php\/wp-json\/wp\/v2\/comments?post=20886"}],"version-history":[{"count":1,"href":"http:\/\/staging.ibermusicas.org\/index.php\/wp-json\/wp\/v2\/posts\/20886\/revisions"}],"predecessor-version":[{"id":20888,"href":"http:\/\/staging.ibermusicas.org\/index.php\/wp-json\/wp\/v2\/posts\/20886\/revisions\/20888"}],"wp:featuredmedia":[{"embeddable":true,"href":"http:\/\/staging.ibermusicas.org\/index.php\/wp-json\/wp\/v2\/media\/20887"}],"wp:attachment":[{"href":"http:\/\/staging.ibermusicas.org\/index.php\/wp-json\/wp\/v2\/media?parent=20886"}],"wp:term":[{"taxonomy":"category","embeddable":true,"href":"http:\/\/staging.ibermusicas.org\/index.php\/wp-json\/wp\/v2\/categories?post=20886"},{"taxonomy":"post_tag","embeddable":true,"href":"http:\/\/staging.ibermusicas.org\/index.php\/wp-json\/wp\/v2\/tags?post=20886"}],"curies":[{"name":"wp","href":"https:\/\/api.w.org\/{rel}","templated":true}]}}