{"id":20889,"date":"2024-12-04T21:39:33","date_gmt":"2024-12-04T21:39:33","guid":{"rendered":"http:\/\/staging.ibermusicas.org\/?p=20889"},"modified":"2024-12-27T18:57:36","modified_gmt":"2024-12-27T18:57:36","slug":"o-barto-do-chapito-em-lisboa-portugal-anuncia-a-sua-programacao-para-o-mes-de-dezembro","status":"publish","type":"post","link":"http:\/\/staging.ibermusicas.org\/index.php\/o-barto-do-chapito-em-lisboa-portugal-anuncia-a-sua-programacao-para-o-mes-de-dezembro\/","title":{"rendered":"O Bart\u00f4 do Chapit\u00f4, em Lisboa, Portugal, anuncia a sua programa\u00e7\u00e3o para o m\u00eas de dezembro"},"content":{"rendered":"<p>O Bart\u00f4, no bairro de Alfama, \u00e9 um espa\u00e7o aberto \u00e0s artes, com uma programa\u00e7\u00e3o variada ao longo da semana. O destaque vai para a m\u00fasica ao vivo semanal, onde se pode apreciar o samba, o fado, o jazz, o clube de choro, entre muitos outros estilos e g\u00e9neros. H\u00e1 ainda espa\u00e7o para ciclos de cinema, proje\u00e7\u00f5es de v\u00eddeo, espet\u00e1culos de teatro e dan\u00e7a, palestras e debates sobre temas da atualidade.<\/p>\n<p>O Bart\u00f4 \u00e9 tamb\u00e9m um espa\u00e7o privilegiado para conv\u00edvios, apresenta\u00e7\u00f5es de livros e projectos editoriais, exposi\u00e7\u00f5es e instala\u00e7\u00f5es. Em suma, \u00e9 um espa\u00e7o aberto \u00e0s artes: m\u00fasica, cinema, v\u00eddeo, teatro, dan\u00e7a, confer\u00eancias e debates!<\/p>\n<p>O Bart\u00f4 do Chapit\u00f4 \u00e9 uma das propostas vencedoras do Concurso Especial Brasil Iberm\u00fasicas 2023.<\/p>\n<ul>\n<li>2, 9, 16, 23 e 30 de dezembro: Clube de Choro de Lisboa<\/li>\n<li>4, 11 e 18 de dezembro: 20h30: Encontro de Bambas<\/li>\n<li>6, 13, 20, y 27 de dezembro: Bart\u00f3 d\u00e1 Samba<\/li>\n<\/ul>\n","protected":false},"excerpt":{"rendered":"<p>O Bart\u00f4, no bairro de Alfama, \u00e9 um espa\u00e7o aberto \u00e0s artes, com uma programa\u00e7\u00e3o variada ao longo da semana. O destaque vai para a m\u00fasica ao vivo semanal, onde se pode apreciar o samba, o fado, o jazz, o clube de choro, entre muitos outros estilos e g\u00e9neros. H\u00e1 ainda espa\u00e7o para ciclos de [&hellip;]<\/p>\n","protected":false},"author":7,"featured_media":20887,"comment_status":"closed","ping_status":"closed","sticky":false,"template":"","format":"standard","meta":{"footnotes":""},"categories":[218],"tags":[],"class_list":["post-20889","post","type-post","status-publish","format-standard","has-post-thumbnail","hentry","category-noticias-generales-pt"],"lang":"pt","translations":{"pt":20889,"es":20886},"pll_sync_post":[],"post_mailing_queue_ids":[],"_links":{"self":[{"href":"http:\/\/staging.ibermusicas.org\/index.php\/wp-json\/wp\/v2\/posts\/20889","targetHints":{"allow":["GET"]}}],"collection":[{"href":"http:\/\/staging.ibermusicas.org\/index.php\/wp-json\/wp\/v2\/posts"}],"about":[{"href":"http:\/\/staging.ibermusicas.org\/index.php\/wp-json\/wp\/v2\/types\/post"}],"author":[{"embeddable":true,"href":"http:\/\/staging.ibermusicas.org\/index.php\/wp-json\/wp\/v2\/users\/7"}],"replies":[{"embeddable":true,"href":"http:\/\/staging.ibermusicas.org\/index.php\/wp-json\/wp\/v2\/comments?post=20889"}],"version-history":[{"count":1,"href":"http:\/\/staging.ibermusicas.org\/index.php\/wp-json\/wp\/v2\/posts\/20889\/revisions"}],"predecessor-version":[{"id":20890,"href":"http:\/\/staging.ibermusicas.org\/index.php\/wp-json\/wp\/v2\/posts\/20889\/revisions\/20890"}],"wp:featuredmedia":[{"embeddable":true,"href":"http:\/\/staging.ibermusicas.org\/index.php\/wp-json\/wp\/v2\/media\/20887"}],"wp:attachment":[{"href":"http:\/\/staging.ibermusicas.org\/index.php\/wp-json\/wp\/v2\/media?parent=20889"}],"wp:term":[{"taxonomy":"category","embeddable":true,"href":"http:\/\/staging.ibermusicas.org\/index.php\/wp-json\/wp\/v2\/categories?post=20889"},{"taxonomy":"post_tag","embeddable":true,"href":"http:\/\/staging.ibermusicas.org\/index.php\/wp-json\/wp\/v2\/tags?post=20889"}],"curies":[{"name":"wp","href":"https:\/\/api.w.org\/{rel}","templated":true}]}}