{"id":20891,"date":"2024-12-04T21:41:23","date_gmt":"2024-12-04T21:41:23","guid":{"rendered":"http:\/\/staging.ibermusicas.org\/?p=20891"},"modified":"2024-12-27T19:00:28","modified_gmt":"2024-12-27T19:00:28","slug":"corporacion-cultural-nuble-de-chile-anuncia-su-concierto-de-navidad","status":"publish","type":"post","link":"http:\/\/staging.ibermusicas.org\/index.php\/corporacion-cultural-nuble-de-chile-anuncia-su-concierto-de-navidad\/","title":{"rendered":"Corporaci\u00f3n Cultural \u00d1uble de Chile anuncia su concierto de Navidad"},"content":{"rendered":"<p>La Corporaci\u00f3n Cultural de \u00d1uble, en Chile, nace en 2022 a partir de la necesidad de la Orquesta de C\u00e1mara de San Carlos de formalizar su organizaci\u00f3n. Impulsada por j\u00f3venes m\u00fasicos gestores locales, la Corporaci\u00f3n se consolida d\u00eda a d\u00eda como un agente cultural que trabaja por la innovaci\u00f3n de la programaci\u00f3n musical regional, por la formaci\u00f3n musical y por el desarrollo humano integral de la comunidad de la regi\u00f3n de \u00d1uble.<\/p>\n<p>&nbsp;<\/p>\n<p>En septiembre del a\u00f1o 2022, la Corporaci\u00f3n Cultural de \u00d1uble expande su rango de incidencia, creando la primera Orquesta Sinf\u00f3nica de la regi\u00f3n, integrando a m\u00e1s de 50 profesionales, entre m\u00fasicos, gestores y especialistas en \u00e1reas de la comunicaci\u00f3n.<\/p>\n<p>&nbsp;<\/p>\n<p>Desde 2023 el director de la Sinf\u00f3nica de \u00d1uble es Emmanuele Baldini. Nacido en Trieste, Italia, estudia en su ciudad natal con Bruno Polli y contin\u00faa su entrenamiento violin\u00edstico en Ginebra con Corrado Romano. En Salzburgo y Berl\u00edn recibe instrucci\u00f3n de Ruggiero Ricci y estudia direcci\u00f3n orquestal con Isaac Karabtchevsky y Frank Shipway. Ha realizado presentaciones como solista y en recitales alrededor del mundo y ha sido concertino en orquestas de Italia y Brasil. Actualmente es concertino de la Orquesta Sinf\u00f3nica del Estado de Sao Paulo (OSESP). Como director de orquesta, Baldini se ha presentado en lugares como el Teatro Col\u00f3n de Buenos Aires y el Teatro del Sodre de Montevideo, entre otras colaboraciones junto a las principales orquestas de Latinoam\u00e9rica.<\/p>\n<p>&nbsp;<\/p>\n<p>Este concierto de Navidad, ser\u00e1 dirigido por el Maestro Emmanuele Baldini. El programa estar\u00e1 integrado por las siguientes obras:<\/p>\n<p>&nbsp;<\/p>\n<ul>\n<li>Sinfon\u00eda 5 1:\u00a0 L.v. Beethoven<\/li>\n<li>Sinfon\u00eda 40 Mov.1: W. A. Mozart<\/li>\n<li>Bachiana n\u00ba4: H.Villa-Lobos<\/li>\n<li>A Christmas Festival: L. Anderson<\/li>\n<li>Polka Tritsch-Tratsch: J. Strauss<\/li>\n<li>Suite Violeta Parra: L. Sep\u00falveda<\/li>\n<\/ul>\n<p>&nbsp;<\/p>\n<p>La propuesta de la Sinf\u00f3nica de \u00d1uble ha sido ganadora de la convocatoria 2023 del Programa Iberm\u00fasicas en la l\u00ednea de acci\u00f3n de Ayudas a la Programaci\u00f3n Iberoamericana.<\/p>\n<ul>\n<li>Mi\u00e9rcoles 11 de diciembre, 20h, Teatro Municipal de Chill\u00e1n<\/li>\n<\/ul>\n","protected":false},"excerpt":{"rendered":"<p>La Corporaci\u00f3n Cultural de \u00d1uble, en Chile, nace en 2022 a partir de la necesidad de la Orquesta de C\u00e1mara de San Carlos de formalizar su organizaci\u00f3n. Impulsada por j\u00f3venes m\u00fasicos gestores locales, la Corporaci\u00f3n se consolida d\u00eda a d\u00eda como un agente cultural que trabaja por la innovaci\u00f3n de la programaci\u00f3n musical regional, por [&hellip;]<\/p>\n","protected":false},"author":7,"featured_media":20892,"comment_status":"closed","ping_status":"closed","sticky":false,"template":"","format":"standard","meta":{"footnotes":""},"categories":[53],"tags":[],"class_list":["post-20891","post","type-post","status-publish","format-standard","has-post-thumbnail","hentry","category-noticias-generales"],"lang":"es","translations":{"es":20891,"pt":20894},"pll_sync_post":[],"post_mailing_queue_ids":[],"_links":{"self":[{"href":"http:\/\/staging.ibermusicas.org\/index.php\/wp-json\/wp\/v2\/posts\/20891","targetHints":{"allow":["GET"]}}],"collection":[{"href":"http:\/\/staging.ibermusicas.org\/index.php\/wp-json\/wp\/v2\/posts"}],"about":[{"href":"http:\/\/staging.ibermusicas.org\/index.php\/wp-json\/wp\/v2\/types\/post"}],"author":[{"embeddable":true,"href":"http:\/\/staging.ibermusicas.org\/index.php\/wp-json\/wp\/v2\/users\/7"}],"replies":[{"embeddable":true,"href":"http:\/\/staging.ibermusicas.org\/index.php\/wp-json\/wp\/v2\/comments?post=20891"}],"version-history":[{"count":1,"href":"http:\/\/staging.ibermusicas.org\/index.php\/wp-json\/wp\/v2\/posts\/20891\/revisions"}],"predecessor-version":[{"id":20893,"href":"http:\/\/staging.ibermusicas.org\/index.php\/wp-json\/wp\/v2\/posts\/20891\/revisions\/20893"}],"wp:featuredmedia":[{"embeddable":true,"href":"http:\/\/staging.ibermusicas.org\/index.php\/wp-json\/wp\/v2\/media\/20892"}],"wp:attachment":[{"href":"http:\/\/staging.ibermusicas.org\/index.php\/wp-json\/wp\/v2\/media?parent=20891"}],"wp:term":[{"taxonomy":"category","embeddable":true,"href":"http:\/\/staging.ibermusicas.org\/index.php\/wp-json\/wp\/v2\/categories?post=20891"},{"taxonomy":"post_tag","embeddable":true,"href":"http:\/\/staging.ibermusicas.org\/index.php\/wp-json\/wp\/v2\/tags?post=20891"}],"curies":[{"name":"wp","href":"https:\/\/api.w.org\/{rel}","templated":true}]}}