{"id":20894,"date":"2024-12-04T21:42:53","date_gmt":"2024-12-04T21:42:53","guid":{"rendered":"http:\/\/staging.ibermusicas.org\/?p=20894"},"modified":"2024-12-27T18:57:29","modified_gmt":"2024-12-27T18:57:29","slug":"corporacao-cultural-nuble-do-chile-anuncia-seu-concerto-de-natal","status":"publish","type":"post","link":"http:\/\/staging.ibermusicas.org\/index.php\/corporacao-cultural-nuble-do-chile-anuncia-seu-concerto-de-natal\/","title":{"rendered":"Corpora\u00e7\u00e3o Cultural \u00d1uble do Chile anuncia seu concerto de Natal"},"content":{"rendered":"<p>A Corpora\u00e7\u00e3o Cultural \u00d1uble, no Chile, nasceu em 2022 a partir da necessidade da Orquestra de C\u00e2mara de San Carlos de formalizar a organiza\u00e7\u00e3o. Impulsionada por jovens gestores m\u00fasicos locais, a organiza\u00e7\u00e3o est\u00e1 a consolidar-se dia ap\u00f3s dia como um agente cultural que trabalha para a inova\u00e7\u00e3o da programa\u00e7\u00e3o musical regional, para a forma\u00e7\u00e3o musical e para o desenvolvimento humano integral da comunidade na regi\u00e3o.<\/p>\n<p>&nbsp;<\/p>\n<p>Em setembro de 2022, a Corpora\u00e7\u00e3o Cultural \u00d1uble expandiu o seu raio de influ\u00eancia, criando a primeira Orquestra Sinf\u00f3nica da regi\u00e3o de \u00d1uble, integrando mais de 50 profissionais, entre m\u00fasicos, gestores e especialistas em \u00e1reas de comunica\u00e7\u00e3o.<\/p>\n<p>&nbsp;<\/p>\n<p>A partir de 2023, o maestro da Orquestra Sinf\u00f3nica de \u00d1uble \u00e9 Emmanuele Baldini. Nascido em Trieste, It\u00e1lia, estudou na sua cidade natal com Bruno Polli e continuou a sua forma\u00e7\u00e3o em violino em Genebra com Corrado Romano. Em Salzburgo e Berlim, recebeu instru\u00e7\u00e3o de Ruggiero Ricci e estudou dire\u00e7\u00e3o de orquestra com Isaac Karabtchevsky e Frank Shipway. Apresentou-se como solista e em recitais em todo o mundo e foi concertino de orquestras em It\u00e1lia e no Brasil. Atualmente \u00e9 concertino da Orquestra Sinf\u00f4nica do Estado de S\u00e3o Paulo (OSESP). Como regente, Baldini j\u00e1 se apresentou em locais como o Teatro Col\u00f3n, em Buenos Aires, e o Teatro del Sodre, em Montevid\u00e9u, entre outras colabora\u00e7\u00f5es com as principais orquestras da Am\u00e9rica Latina.<\/p>\n<p>Este concerto de Natal ser\u00e1 regido pelo Maestro Emmanuele Baldini. O programa consistir\u00e1 nas seguintes obras:<\/p>\n<ul>\n<li>Sinfon\u00eda 5 1:\u00a0 L.v. Beethoven<\/li>\n<li>Sinfon\u00eda 40 Mov.1: W. A. Mozart<\/li>\n<li>Bachiana n\u00ba4: H.Villa-Lobos<\/li>\n<li>A Christmas Festival: L. Anderson<\/li>\n<li>Polka Tritsch-Tratsch: J. Strauss<\/li>\n<li>Suite Violeta Parra: L. Sep\u00falveda<\/li>\n<\/ul>\n<p>A proposta da Sinf\u00f3nica de \u00d1uble ganhou a convocat\u00f3ria 2023 do Programa Iberm\u00fasicas na linha de a\u00e7\u00e3o de Ajuda \u00e0 Programa\u00e7\u00e3o Ibero-Americana.<\/p>\n<ul>\n<li>Quarta-feira, 11 de dezembro, 20h, Teatro Municipal de Chill\u00e1n<\/li>\n<\/ul>\n","protected":false},"excerpt":{"rendered":"<p>A Corpora\u00e7\u00e3o Cultural \u00d1uble, no Chile, nasceu em 2022 a partir da necessidade da Orquestra de C\u00e2mara de San Carlos de formalizar a organiza\u00e7\u00e3o. Impulsionada por jovens gestores m\u00fasicos locais, a organiza\u00e7\u00e3o est\u00e1 a consolidar-se dia ap\u00f3s dia como um agente cultural que trabalha para a inova\u00e7\u00e3o da programa\u00e7\u00e3o musical regional, para a forma\u00e7\u00e3o musical [&hellip;]<\/p>\n","protected":false},"author":7,"featured_media":20892,"comment_status":"closed","ping_status":"closed","sticky":false,"template":"","format":"standard","meta":{"footnotes":""},"categories":[218],"tags":[],"class_list":["post-20894","post","type-post","status-publish","format-standard","has-post-thumbnail","hentry","category-noticias-generales-pt"],"lang":"pt","translations":{"pt":20894,"es":20891},"pll_sync_post":[],"post_mailing_queue_ids":[],"_links":{"self":[{"href":"http:\/\/staging.ibermusicas.org\/index.php\/wp-json\/wp\/v2\/posts\/20894","targetHints":{"allow":["GET"]}}],"collection":[{"href":"http:\/\/staging.ibermusicas.org\/index.php\/wp-json\/wp\/v2\/posts"}],"about":[{"href":"http:\/\/staging.ibermusicas.org\/index.php\/wp-json\/wp\/v2\/types\/post"}],"author":[{"embeddable":true,"href":"http:\/\/staging.ibermusicas.org\/index.php\/wp-json\/wp\/v2\/users\/7"}],"replies":[{"embeddable":true,"href":"http:\/\/staging.ibermusicas.org\/index.php\/wp-json\/wp\/v2\/comments?post=20894"}],"version-history":[{"count":1,"href":"http:\/\/staging.ibermusicas.org\/index.php\/wp-json\/wp\/v2\/posts\/20894\/revisions"}],"predecessor-version":[{"id":20895,"href":"http:\/\/staging.ibermusicas.org\/index.php\/wp-json\/wp\/v2\/posts\/20894\/revisions\/20895"}],"wp:featuredmedia":[{"embeddable":true,"href":"http:\/\/staging.ibermusicas.org\/index.php\/wp-json\/wp\/v2\/media\/20892"}],"wp:attachment":[{"href":"http:\/\/staging.ibermusicas.org\/index.php\/wp-json\/wp\/v2\/media?parent=20894"}],"wp:term":[{"taxonomy":"category","embeddable":true,"href":"http:\/\/staging.ibermusicas.org\/index.php\/wp-json\/wp\/v2\/categories?post=20894"},{"taxonomy":"post_tag","embeddable":true,"href":"http:\/\/staging.ibermusicas.org\/index.php\/wp-json\/wp\/v2\/tags?post=20894"}],"curies":[{"name":"wp","href":"https:\/\/api.w.org\/{rel}","templated":true}]}}