{"id":20968,"date":"2024-12-17T12:32:16","date_gmt":"2024-12-17T12:32:16","guid":{"rendered":"http:\/\/staging.ibermusicas.org\/?p=20968"},"modified":"2025-04-08T13:18:02","modified_gmt":"2025-04-08T13:18:02","slug":"se-anuncian-los-proyectos-ganadores-del-premio-colombia-en-el-mundo","status":"publish","type":"post","link":"http:\/\/staging.ibermusicas.org\/index.php\/se-anuncian-los-proyectos-ganadores-del-premio-colombia-en-el-mundo\/","title":{"rendered":"Se anuncian los proyectos ganadores del Premio Colombia en el Mundo"},"content":{"rendered":"<p>El Ministerio de Cultura de Colombia se ha propuesto reconocer el m\u00e9rito de iniciativas o de espacios que se vienen dedicando, a lo largo de los a\u00f1os, a la difusi\u00f3n de las m\u00fasicas colombianas en el mundo y a emprendimientos que se destaquen por la contribuci\u00f3n dada en su trayectoria a dicha difusi\u00f3n en el \u00e1mbito internacional.<\/p>\n<p>En esta primera edici\u00f3n del Premio Colombia en el Mundo, han sido seleccionadas las siguientes propuestas.<\/p>\n<p><a href=\"https:\/\/seleccionados.staging.ibermusicas.org\/\">Proyectos seleccionados<\/a><\/p>\n","protected":false},"excerpt":{"rendered":"<p>El Ministerio de Cultura de Colombia se ha propuesto reconocer el m\u00e9rito de iniciativas o de espacios que se vienen dedicando, a lo largo de los a\u00f1os, a la difusi\u00f3n de las m\u00fasicas colombianas en el mundo y a emprendimientos que se destaquen por la contribuci\u00f3n dada en su trayectoria a dicha difusi\u00f3n en el [&hellip;]<\/p>\n","protected":false},"author":7,"featured_media":20969,"comment_status":"closed","ping_status":"closed","sticky":false,"template":"","format":"standard","meta":{"footnotes":""},"categories":[53],"tags":[],"class_list":["post-20968","post","type-post","status-publish","format-standard","has-post-thumbnail","hentry","category-noticias-generales"],"lang":"es","translations":{"es":20968},"pll_sync_post":[],"post_mailing_queue_ids":[],"_links":{"self":[{"href":"http:\/\/staging.ibermusicas.org\/index.php\/wp-json\/wp\/v2\/posts\/20968","targetHints":{"allow":["GET"]}}],"collection":[{"href":"http:\/\/staging.ibermusicas.org\/index.php\/wp-json\/wp\/v2\/posts"}],"about":[{"href":"http:\/\/staging.ibermusicas.org\/index.php\/wp-json\/wp\/v2\/types\/post"}],"author":[{"embeddable":true,"href":"http:\/\/staging.ibermusicas.org\/index.php\/wp-json\/wp\/v2\/users\/7"}],"replies":[{"embeddable":true,"href":"http:\/\/staging.ibermusicas.org\/index.php\/wp-json\/wp\/v2\/comments?post=20968"}],"version-history":[{"count":1,"href":"http:\/\/staging.ibermusicas.org\/index.php\/wp-json\/wp\/v2\/posts\/20968\/revisions"}],"predecessor-version":[{"id":20970,"href":"http:\/\/staging.ibermusicas.org\/index.php\/wp-json\/wp\/v2\/posts\/20968\/revisions\/20970"}],"wp:featuredmedia":[{"embeddable":true,"href":"http:\/\/staging.ibermusicas.org\/index.php\/wp-json\/wp\/v2\/media\/20969"}],"wp:attachment":[{"href":"http:\/\/staging.ibermusicas.org\/index.php\/wp-json\/wp\/v2\/media?parent=20968"}],"wp:term":[{"taxonomy":"category","embeddable":true,"href":"http:\/\/staging.ibermusicas.org\/index.php\/wp-json\/wp\/v2\/categories?post=20968"},{"taxonomy":"post_tag","embeddable":true,"href":"http:\/\/staging.ibermusicas.org\/index.php\/wp-json\/wp\/v2\/tags?post=20968"}],"curies":[{"name":"wp","href":"https:\/\/api.w.org\/{rel}","templated":true}]}}