{"id":20971,"date":"2024-12-17T12:33:51","date_gmt":"2024-12-17T12:33:51","guid":{"rendered":"http:\/\/staging.ibermusicas.org\/?p=20971"},"modified":"2025-04-08T13:16:09","modified_gmt":"2025-04-08T13:16:09","slug":"anunciados-os-projetos-vencedores-do-premio-colombia-no-mundo","status":"publish","type":"post","link":"http:\/\/staging.ibermusicas.org\/index.php\/anunciados-os-projetos-vencedores-do-premio-colombia-no-mundo\/","title":{"rendered":"Anunciados os projetos vencedores do Pr\u00eamio Col\u00f4mbia no Mundo"},"content":{"rendered":"<p>O Minist\u00e9rio da Cultura da Col\u00f4mbia se prop\u00f4s a reconhecer o m\u00e9rito de iniciativas ou espa\u00e7os que se dedicaram, ao longo dos anos, \u00e0 divulga\u00e7\u00e3o da m\u00fasica colombiana no mundo e a empreendimentos que se destacaram pela contribui\u00e7\u00e3o que deram, a essa divulga\u00e7\u00e3o no cen\u00e1rio internacional.<\/p>\n<p>Nesta primeira edi\u00e7\u00e3o do Pr\u00eamio Col\u00f4mbia no Mundo, foram selecionadas as seguintes propostas.<\/p>\n<p><a href=\"https:\/\/seleccionados.staging.ibermusicas.org\/pt\" target=\"_blank\" rel=\"noopener\">Projetos selecionados<\/a><\/p>\n","protected":false},"excerpt":{"rendered":"<p>O Minist\u00e9rio da Cultura da Col\u00f4mbia se prop\u00f4s a reconhecer o m\u00e9rito de iniciativas ou espa\u00e7os que se dedicaram, ao longo dos anos, \u00e0 divulga\u00e7\u00e3o da m\u00fasica colombiana no mundo e a empreendimentos que se destacaram pela contribui\u00e7\u00e3o que deram, a essa divulga\u00e7\u00e3o no cen\u00e1rio internacional. Nesta primeira edi\u00e7\u00e3o do Pr\u00eamio Col\u00f4mbia no Mundo, foram [&hellip;]<\/p>\n","protected":false},"author":7,"featured_media":20972,"comment_status":"closed","ping_status":"closed","sticky":false,"template":"","format":"standard","meta":{"footnotes":""},"categories":[218],"tags":[],"class_list":["post-20971","post","type-post","status-publish","format-standard","has-post-thumbnail","hentry","category-noticias-generales-pt"],"lang":"pt","translations":{"pt":20971},"pll_sync_post":[],"post_mailing_queue_ids":[],"_links":{"self":[{"href":"http:\/\/staging.ibermusicas.org\/index.php\/wp-json\/wp\/v2\/posts\/20971","targetHints":{"allow":["GET"]}}],"collection":[{"href":"http:\/\/staging.ibermusicas.org\/index.php\/wp-json\/wp\/v2\/posts"}],"about":[{"href":"http:\/\/staging.ibermusicas.org\/index.php\/wp-json\/wp\/v2\/types\/post"}],"author":[{"embeddable":true,"href":"http:\/\/staging.ibermusicas.org\/index.php\/wp-json\/wp\/v2\/users\/7"}],"replies":[{"embeddable":true,"href":"http:\/\/staging.ibermusicas.org\/index.php\/wp-json\/wp\/v2\/comments?post=20971"}],"version-history":[{"count":3,"href":"http:\/\/staging.ibermusicas.org\/index.php\/wp-json\/wp\/v2\/posts\/20971\/revisions"}],"predecessor-version":[{"id":20975,"href":"http:\/\/staging.ibermusicas.org\/index.php\/wp-json\/wp\/v2\/posts\/20971\/revisions\/20975"}],"wp:featuredmedia":[{"embeddable":true,"href":"http:\/\/staging.ibermusicas.org\/index.php\/wp-json\/wp\/v2\/media\/20972"}],"wp:attachment":[{"href":"http:\/\/staging.ibermusicas.org\/index.php\/wp-json\/wp\/v2\/media?parent=20971"}],"wp:term":[{"taxonomy":"category","embeddable":true,"href":"http:\/\/staging.ibermusicas.org\/index.php\/wp-json\/wp\/v2\/categories?post=20971"},{"taxonomy":"post_tag","embeddable":true,"href":"http:\/\/staging.ibermusicas.org\/index.php\/wp-json\/wp\/v2\/tags?post=20971"}],"curies":[{"name":"wp","href":"https:\/\/api.w.org\/{rel}","templated":true}]}}