{"id":20977,"date":"2024-12-17T17:06:57","date_gmt":"2024-12-17T17:06:57","guid":{"rendered":"http:\/\/staging.ibermusicas.org\/?p=20977"},"modified":"2025-05-16T20:37:04","modified_gmt":"2025-05-16T20:37:04","slug":"ibermusicas-celebra-un-ano-de-logros-y-anuncia-nuevos-horizontes-para-la-musica-iberoamericana","status":"publish","type":"post","link":"http:\/\/staging.ibermusicas.org\/index.php\/ibermusicas-celebra-un-ano-de-logros-y-anuncia-nuevos-horizontes-para-la-musica-iberoamericana\/","title":{"rendered":"Iberm\u00fasicas celebra un a\u00f1o de logros y anuncia nuevos horizontes para la m\u00fasica iberoamericana"},"content":{"rendered":"<p>El a\u00f1o 2024 ha sido de grandes logros para Iberm\u00fasicas, <strong>consolid\u00e1ndose como una plataforma clave para la proyecci\u00f3n de la m\u00fasica iberoamericana a nivel global<\/strong>. Adem\u00e1s de impactar en los pa\u00edses miembros de la regi\u00f3n Iberoamericana \u2014Argentina, Brasil, Chile, Colombia, Costa Rica, Cuba, Ecuador, El Salvador, Guatemala, Honduras, Espa\u00f1a, M\u00e9xico, Panam\u00e1, Paraguay, Per\u00fa, Portugal, Uruguay y Venezuela\u2014, este a\u00f1o Iberm\u00fasicas ampli\u00f3 su alcance a nuevos horizontes, llegando a Alemania, Canad\u00e1, Cabo Verde, China, Corea del Sur, Dinamarca, Estados Unidos, Estonia, Grecia, Francia, Italia, Noruega, Pa\u00edses Bajos, Reino Unido, Rep\u00fablica Democr\u00e1tica del Congo, Suecia y Suiza, entre otros pa\u00edses. <strong>M\u00e1s de 250 proyectos musicales y m\u00e1s de 1,500 beneficiarias y beneficiarios directos ofrecieron conciertos, impartieron clases magistrales, crearon nuevas obras, desarrollaron investigaciones, se formaron, se especializaron y compartieron la riqueza de nuestras m\u00fasicas, fortaleciendo los valores de la cooperaci\u00f3n y el intercambio cultural entre naciones.<\/strong><\/p>\n<p>A inicios del a\u00f1o, reunidos en Chile en el Consejo Intergubernamental, las y los miembros del Consejo eligieron por unanimidad a <strong>Brasil para ejercer la presidencia del Programa por un per\u00edodo de tres a\u00f1os<\/strong>. Es la primera vez que un pa\u00eds de habla portuguesa ocupa este puesto y es el segundo mandato liderado por una mujer. La Directora de M\u00fasica de la Fundaci\u00f3n Nacional de las Artes de Brasil, Eul\u00edcia Esteves asumi\u00f3 la presidencia de Iberm\u00fasicas sustituyendo a Camila Gallardo Valenzuela, representante de Chile. La elecci\u00f3n de Brasil refuerza el compromiso de Iberm\u00fasicas con el multiling\u00fcismo y la diversidad musical y cultural, adem\u00e1s de reconocer lo mucho que el pa\u00eds ha contribuido a la expansi\u00f3n y desarrollo del Programa.<\/p>\n<p>Este a\u00f1o tambi\u00e9n<strong> celebramos un hito importante con la firma del convenio entre la Comunidad de Pa\u00edses de Lengua Portuguesa (CPLP) y el Programa Iberm\u00fasicas<\/strong> que tiene como objetivo tender puentes de cultura y cooperaci\u00f3n entre Angola, Brasil, Cabo Verde, Guinea-Bissau, Guinea Ecuatorial, Mozambique, Santo Tom\u00e9 y Pr\u00edncipe, Portugal y Timor Oriental e Iberoam\u00e9rica. El acuerdo de cooperaci\u00f3n fue formalizado el 21 de mayo en el Pal\u00e1cio do Conde de Penafiel, sede central de la CPLP en Lisboa, como parte de las actividades conmemorativas del 5 de mayo, D\u00eda Mundial de la Lengua Portuguesa. El acto cont\u00f3 con la participaci\u00f3n de Zacarias Albano da Costa, Secretario Ejecutivo de la CPLP; Eul\u00edcia Esteves, Presidenta del Programa Iberm\u00fasicas y Directora de M\u00fasica de FUNARTE, representante de Brasil en el Programa; y Am\u00e9rico Rodrigues, Director General de las Artes (DGARTES) de Portugal. El evento tambi\u00e9n incluy\u00f3 presentaciones art\u00edsticas destacadas a cargo de Miroca Paris, de Cabo Verde, y Karyna Gomes, de Guinea-Bis\u00e1u. Esta colaboraci\u00f3n entre Iberm\u00fasicas y la CPLP marca el inicio de una nueva etapa llena de oportunidades para las y los m\u00fasicos de los pa\u00edses de habla portuguesa. M\u00fasica, cultura, lengua y cooperaci\u00f3n son conceptos que nos unen profundamente y que este convenio busca fortalecer. A trav\u00e9s de un proyecto especial conjunto entre DGARTES (Direcci\u00f3n General de las Artes) del Ministerio de Cultura de Portugal, FUNARTE (Fundaci\u00f3n Nacional de las Artes) de Brasil y la CPLP, Iberm\u00fasicas lanz\u00f3 por primera vez una convocatoria que celebra los lazos culturales y la diversidad musical de los pa\u00edses de lengua portuguesa. La iniciativa, titulada <em>Viajes por la M\u00fasica en Lengua Portuguesa<\/em>, fue una propuesta multilateral y pluricontinental que busca acercar y fusionar fronteras, superando distancias f\u00edsicas entre Am\u00e9rica Latina, Europa, \u00c1frica y el Sudeste Asi\u00e1tico. El \u00e9xito de esta convocatoria se refleja en las seis premiaciones otorgadas a proyectos provenientes de Angola, Mozambique, Santo Tom\u00e9 y Pr\u00edncipe, y Timor Oriental, evidenciando el potencial transformador de esta alianza.<\/p>\n<p>Este a\u00f1o, Iberm\u00fasicas marc\u00f3 otro paso significativo al participar, por primera vez, en un mercado internacional de gran relevancia: WOMEX, el encuentro musical m\u00e1s internacional y culturalmente diverso del mundo, y la conferencia m\u00e1s importante de la escena musical global, celebrada en Manchester, Reino Unido. Represent\u00f3 una oportunidad estrat\u00e9gica para fortalecer el posicionamiento de Iberm\u00fasicas en el circuito global y promover el modelo \u00fanico de cooperaci\u00f3n multilateral que distingue al Programa. Durante el evento, se llevaron a cabo un sinn\u00famero de actividades que permitieron visibilizar el compromiso de Iberm\u00fasicas con la diversidad musical y la promoci\u00f3n de la creaci\u00f3n art\u00edstica de la regi\u00f3n iberoamericana. La presencia en este foro global no solo abri\u00f3 nuevas puertas para establecer alianzas estrat\u00e9gicas, sino que tambi\u00e9n consolid\u00f3 el papel de Iberoam\u00e9rica como una regi\u00f3n vibrante y esencial en el panorama musical mundial. Este acercamiento a nuevos mercados internacionales busca ampliar las posibilidades de colaboraci\u00f3n y alcance de las y los artistas iberoamericanos en escenarios internacionales. <strong>La participaci\u00f3n de Iberm\u00fasicas en WOMEX 2024 se erige como un paso fundamental en el fortalecimiento de su presencia global, reafirmando su compromiso con la proyecci\u00f3n internacional de la m\u00fasica de Iberoam\u00e9rica y el enriquecimiento del di\u00e1logo cultural a nivel mundial.<\/strong><\/p>\n<p>En 2024, Iberm\u00fasicas marc\u00f3 otro<strong> logro hist\u00f3rico con el lanzamiento del \u201cCat\u00e1logo Iberoamericano de Partituras\u201d<\/strong>, un recurso \u00fanico destinado a difundir la riqueza de la m\u00fasica escrita iberoamericana. Este cat\u00e1logo, dise\u00f1ado como una ventana abierta al mundo, tiene la misi\u00f3n de promocionar las obras de compositoras y compositores de la regi\u00f3n, desde los primeros registros hasta las creaciones m\u00e1s recientes. El cat\u00e1logo no solo pone en valor el patrimonio musical de Iberoam\u00e9rica, sino que tambi\u00e9n democratiza el acceso al mismo, permitiendo a creadoras y creadores cargar sus obras de forma sencilla y gratuita. A trav\u00e9s de esta plataforma, cualquier persona interesada, desde programadores de orquestas y ensambles hasta estudiantes y docentes, puede explorar un vasto repertorio musical que abarca todos los g\u00e9neros, estilos y formaciones posibles. Es importante se\u00f1alar que el Cat\u00e1logo Iberoamericano de Partituras no act\u00faa como agente, distribuidor o editor. No alquila, vende ni ofrece partituras completas. En su lugar, proporciona un puente entre quienes buscan la m\u00fasica y las y los titulares de derechos, editoriales o creadores, facilitando el contacto para acceder a las partituras completas y materiales necesarios. Esperamos que se convierta en una herramienta esencial para la difusi\u00f3n de la m\u00fasica escrita de origen iberoamericano, fomentando la cooperaci\u00f3n, la ense\u00f1anza y la investigaci\u00f3n en el campo de la m\u00fasica. Este proyecto invita a creadoras y creadores a sumarse, para que la m\u00fasica de la regi\u00f3n siga resonando en el mundo entero y alcanzando nuevas audiencias.<\/p>\n<p>Con el \u00e1nimo de celebrar la Cooperaci\u00f3n Cultural Iberoamericana, Iberm\u00fasicas, en colaboraci\u00f3n con el Ministerio de las Artes, las Culturas y el Patrimonio de Chile,<strong> lanz\u00f3 una convocatoria especial en el marco del Encuentro Internacional de las Econom\u00edas Creativas, MICSUR 2024<\/strong>, realizado en Santiago de Chile del 17 al 20 de abril. Esta iniciativa busc\u00f3 potenciar el intercambio art\u00edstico entre m\u00fasicos de los nueve pa\u00edses participantes del encuentro: Argentina, Brasil, Bolivia, Chile, Colombia, Ecuador, Paraguay, Per\u00fa y Uruguay. La convocatoria invit\u00f3 a agrupaciones chilenas a presentar propuestas que incluyeran la colaboraci\u00f3n de artistas provenientes de alguno de los pa\u00edses participantes, con el objetivo de realizar un concierto especial durante el cierre del evento. El proyecto ganador de la convocatoria especial Iberm\u00fasicas \u2013 MICSUR Chile, fue una maravillosa colaboraci\u00f3n de La Orquesta Andina de Chile (Premio Pulsar 2017) con arreglos orquestales de F\u00e9lix C\u00e1rdenas (Premio Pulsar 2015) junto a las destacadas cantantes Nadia Larcher (Argentina, cantora, ta\u00f1edora de tinya, investigadora de las m\u00fasicas m\u00e1s antiguas de su norte argentino), Mar\u00eda Mulata (Colombia, cantautora e investigadora de la m\u00fasica colombiana afrodescendiente, nominada a los Grammy Latinos en 2013, 2018 y 2023, como tambi\u00e9n ganadora del Festival de Vi\u00f1a del Mar, en el a\u00f1o 2007) y Tha\u00eds Olivera (Chile), titulada <em>Am\u00e9rica Morena<\/em>, un encuentro musical multicultural que transit\u00f3 entre la herencia sonora de Los Andes y Afroam\u00e9rica. El gran concierto de clausura, celebrado el 20 de abril en una Plaza de la Constituci\u00f3n repleta de p\u00fablico, ofreci\u00f3 un concierto de primer nivel que celebr\u00f3 la riqueza y diversidad musical de la regi\u00f3n.<\/p>\n<p>Gracias a la colaboraci\u00f3n especial del Ministerio de Cultura de Cuba y del Ministerio del Poder Popular para la Cultura de Venezuela, <strong>se estrenaron en el marco de tres conciertos extraordinarios presentados por la Orquesta Sinf\u00f3nica Nacional de Cuba y la Orquesta Filarm\u00f3nica Nacional de Venezuela, las once obras ganadoras del Premio de Composici\u00f3n acad\u00e9mica<\/strong> que Iberm\u00fasicas lanz\u00f3 por d\u00e9cimo a\u00f1o consecutivo en 2023. Enfocado en esa edici\u00f3n a obras sinf\u00f3nicas, el objetivo de este certamen es fortalecer la creaci\u00f3n de nueva m\u00fasica y enriquecer el repertorio sinf\u00f3nico iberoamericano. El primero de estos eventos tuvo lugar el domingo 28 de abril de 2024, en una funci\u00f3n especial en la Sala Sim\u00f3n Bol\u00edvar del Centro de Acci\u00f3n Social por la M\u00fasica, sede de El Sistema, en Caracas, Venezuela. La Orquesta Filarm\u00f3nica Nacional de Venezuela, dirigida por el Maestro Rub\u00e9n Capriles, estren\u00f3 seis de las obras premiadas: \u201cDensidades\u201d de Gustavo De Leonardis (Argentina), \u201cDeja Vu\u201d de Marcelo Dino (Brasil), \u201cCerca al Horizonte\u201d de Andr\u00e9s Poveda Herrera (Colombia), \u201cSusurros I\u201d de Daniel Toledo Guill\u00e9n (Cuba), \u201cAvalon\u201d de Jos\u00e9 Luis Valdivia Arias (Espa\u00f1a) y \u201cMe voy porque me voy\u201d de Rodrigo Valdez Hermoso (M\u00e9xico). El segundo concierto tuvo lugar el domingo 16 de junio de 2024, con una nueva interpretaci\u00f3n de \u201cSusurros I\u201d (Daniel Toledo Guill\u00e9n, Cuba) y \u201cAvalon\u201d (Jos\u00e9 Luis Valdivia Arias, Espa\u00f1a). Finalmente, el domingo 13 de octubre de 2024, la Orquesta Sinf\u00f3nica Nacional de Cuba, bajo la batuta del Maestro Igor Corcuera, present\u00f3 el estreno de las otras cinco obras galardonadas: \u201cF\u00e9nix\u201d de Cristian Andr\u00e9s Lazo Remedi (Chile), \u201cCanto del Cotopaxi\u201d de David Alejandro Meneses Almeida (Ecuador), \u201cCruces\u201d de Samuel Robles (Panam\u00e1), \u201cEl Enigma Cu\u00e1ntico\u201d de David Aguilar Valdiz\u00e1n (Per\u00fa) y \u201cAntifon\u00eda Fractal\u201d de David Pedroza (Venezuela).<\/p>\n<p>Este a\u00f1o tambi\u00e9n se concret\u00f3 el tan <strong>esperado estreno de <em>Fantas\u00eda Sinf\u00f3nica: La historia del Tango<\/em><\/strong> de Lucas Querini, obra ganadora del <em>Premio Iberm\u00fasicas Homenaje a los Cien A\u00f1os de La Cumparsita<\/em>, un concurso especial impulsado por Uruguay a trav\u00e9s de la CIATyC (Comisi\u00f3n Interministerial de Apoyo al Tango y al Candombe) en colaboraci\u00f3n con Iberm\u00fasicas. La Orquesta Sinf\u00f3nica Nacional de Colombia, dirigida por el maestro colombiano Juan Pablo Valencia y con la destacada participaci\u00f3n del bandoneonista Giovanni Parra como solista, present\u00f3 esta obra en dos funciones especiales los d\u00edas 18 y 19 de abril de 2024, en el Teatro Le\u00f3n de Greiff y el Auditorio Fabio Lozano de Bogot\u00e1, respectivamente.<\/p>\n<p>En 2024<strong> concluyeron las giras de los primeros proyectos seleccionados en las convocatorias especiales realizadas por Iberm\u00fasicas y Mid Atlantic Arts.<\/strong> Esta iniciativa, dise\u00f1ada para fomentar el intercambio cultural y fortalecer el di\u00e1logo entre los artistas musicales de Iberoam\u00e9rica y Estados Unidos, apoyan la circulaci\u00f3n de m\u00fasicas y m\u00fasicos iberoamericanos en territorio estadounidense con el prop\u00f3sito de promover la diversidad musical y enriquecer el panorama cultural en el pa\u00eds de destino. Los proyectos seleccionados abarcan una amplia gama de g\u00e9neros, desde la m\u00fasica tradicional hasta las propuestas m\u00e1s innovadoras, recibiendo tanto apoyo econ\u00f3mico como de producci\u00f3n. Adem\u00e1s de promover conciertos en diversas ciudades de la regi\u00f3n Mid Atlantic, las iniciativas promueven actividades de vinculaci\u00f3n comunitaria como cursos, talleres, clases magistrales, debates y mesas redondas, creando espacios de interacci\u00f3n entre artistas y comunidades locales, incluidas las iberoamericanas migrantes. Los proyectos ganadores reflejan la diversidad cultural y riqueza musical de Iberoam\u00e9rica, con el potencial de generar un impacto significativo en la cultura estadounidense. Este esfuerzo no solo impulsa el desarrollo art\u00edstico de los proyectos seleccionados, sino que tambi\u00e9n fortalece los lazos de colaboraci\u00f3n entre ambas regiones, utilizando la m\u00fasica como herramienta de transformaci\u00f3n social y cultural. Un ejemplo de ello es el caso de la agrupaci\u00f3n mexicana Ca\u00f1a Dulce y Ca\u00f1a Brava, que presenta una interpretaci\u00f3n femenina del <em>son jarocho tradicional<\/em>, un g\u00e9nero hist\u00f3ricamente dominado por hombres. Durante sus cuatro giras, realizaron 71 actividades, incluyendo 54 conciertos, 13 talleres y 4 conversatorios. De estas, 23 estuvieron dirigidas espec\u00edficamente al p\u00fablico infantil, llev\u00e1ndose a cabo en 16 escuelas p\u00fablicas y 3 universidades. El resto de las presentaciones se distribuyeron en 24 salas de concierto, bibliotecas, centros culturales, festivales y museos, alcanzando a m\u00e1s de 18,000 personas en 14 estados: Arizona, California, Carolina del Norte, Maine, Massachusetts, Maryland, Nueva Jersey, Nuevo M\u00e9xico, Nevada, Nueva York, Pensilvania, Rhode Island, Texas y Washington D.C. Adem\u00e1s, lograron un retorno de inversi\u00f3n cercano al 300%, consolidando as\u00ed su \u00e9xito.<\/p>\n<p>Iberm\u00fasicas<strong> consolid\u00f3 su presencia digital y reafirm\u00f3 su compromiso con la difusi\u00f3n de la diversidad sonora de Iberoam\u00e9rica a trav\u00e9s de sus canales <\/strong>de comunicaci\u00f3n. A lo largo del a\u00f1o, puso a disposici\u00f3n de la comunidad un vasto archivo audiovisual que incluy\u00f3 videoclips, shows en vivo, documentales, conciertos en estudio, talleres, masterclasses, conferencias, charlas y debates. Este contenido, accesible desde su Banco de Contenidos en la web y su canal de YouTube, permiti\u00f3 a p\u00fablicos de todo el mundo explorar la riqueza cultural y musical de la regi\u00f3n desde m\u00faltiples perspectivas. El material refleja la gran diversidad de propuestas apoyadas por Iberm\u00fasicas a lo largo de los a\u00f1os y se consolida como un archivo vivo, en constante crecimiento, que ofrece nuevas miradas y caminos para comprender la m\u00fasica iberoamericana actual. En este marco, se destaca tambi\u00e9n el canal de Iberm\u00fasicas en Spotify, donde se encuentran dos iniciativas fundacionales. Por un lado, \u201cIdentidades Sonoras\u201d que re\u00fane playlists curadas por invitadas e invitados especiales de cada uno de los pa\u00edses integrantes del Programa, resaltando las expresiones musicales que conforman los paisajes sonoros de la regi\u00f3n, y por otro, \u201cItinerario Canci\u00f3n\u201d que ofrece un recorrido por las canciones ganadoras de todas las ediciones de los concursos de creaci\u00f3n de canci\u00f3n, entrelazando historias, estilos y voces de Iberoam\u00e9rica. Adem\u00e1s, Iberm\u00fasicas ampli\u00f3 este esfuerzo con el proyecto \u201cIdentidades Sonoras II\u201d, que convoc\u00f3 a artistas ganadores de ediciones anteriores para la creaci\u00f3n de nuevas playlists en torno al concepto de \u201cFronteras\u201d. Este enfoque permiti\u00f3 abordar la noci\u00f3n de frontera desde m\u00faltiples perspectivas: geogr\u00e1ficas, culturales, simb\u00f3licas, imaginarias, invisibilizadas o incluso redefinidas. Las playlists comenzar\u00e1n a estar disponibles prontamente, ampliando a\u00fan m\u00e1s este di\u00e1logo musical.\u00a0 Con estas iniciativas, Iberm\u00fasicas abre un di\u00e1logo en el mundo del streaming y se involucra activamente en la conversaci\u00f3n sonora global, creando un espacio dedicado a propuestas no-hegem\u00f3nicas que invitan a descubrir nuevos paisajes sonoros.<\/p>\n<p>Adem\u00e1s, entre las iniciativas sobresalientes, destacan nuestras <strong>convocatorias y concursos 2024 <\/strong>que recibieron m\u00e1s de 1,600 postulaciones y premiaron a <strong>m\u00e1s de 250 proyectos que abarcan una enorme variedad de iniciativas de todos los estilos, g\u00e9neros y tradiciones <\/strong>que promueven la internacionalizaci\u00f3n, la creaci\u00f3n, la formaci\u00f3n, la accesibilidad y la inclusi\u00f3n, la profesionalizaci\u00f3n y la difusi\u00f3n de la m\u00fasica iberoamericana a nivel global. Los proyectos apoyados por Iberm\u00fasicas llevar\u00e1n adelante acciones de cooperaci\u00f3n con Alemania, Argentina, Austria, B\u00e9lgica, Bolivia, Brasil, Bulgaria, Canad\u00e1, Chile, China, Colombia, Costa Rica, Cuba, Ecuador, Escocia, Eslovaquia, Espa\u00f1a, Estados Unidos, Francia, Guatemala, Italia, Jap\u00f3n, Luxemburgo, Marruecos, M\u00e9xico, Moldavia, Mozambique, Panam\u00e1, Paraguay, Per\u00fa, Portugal, Reino Unido, Santo Tom\u00e9 y Pr\u00edncipe, Suecia, Suiza, Uruguay y Venezuela, a trav\u00e9s de sus l\u00edneas de: Ayuda a la circulaci\u00f3n de profesionales de la m\u00fasica (financia la compra de pasajes para facilitar la movilidad de artistas y profesionales en el \u00e1mbito global); Ayuda a la programaci\u00f3n musical (financia la compra de pasajes para enriquecer propuestas culturales y educativas con propuestas internacionales); Ayuda a artistas e investigadores para residencias (facilita la estad\u00eda de profesionales para desarrollar proyectos creativos o de investigaci\u00f3n alrededor del mundo); Ayuda a instituciones para residencias (apoya a instituciones, ya sean p\u00fablicas o privadas, que desean invitar a artistas o investigadores internacionales a realizar trabajos en sus instalaciones); Ayuda a la especializaci\u00f3n y el perfeccionamiento art\u00edstico y t\u00e9cnico (apoyo destinado para la realizaci\u00f3n de estudios avanzados tanto en el \u00e1mbito institucional como a trav\u00e9s de formaciones con maestros de la cultura popular); Ayuda a proyectos virtuales (apoyo a proyectos musicales a trav\u00e9s de plataformas virtuales); convocatorias especiales como el Premio Iberm\u00fasicas de canci\u00f3n para las infancias, y el Premio Iberm\u00fasicas de composici\u00f3n de obra coral, que fomenta la creaci\u00f3n de nuevas obras corales que ser\u00e1n estrenadas por orquestas de primer nivel de Cuba y Venezuela. Adem\u00e1s, la Convocatoria Iberm\u00fasicas \u2013 Mid Atlantic Arts, que apoya la circulaci\u00f3n de artistas iberoamericanos en Estados Unidos; el Premio Brasil &#8211; Iberm\u00fasicas, que reconoce iniciativas dedicadas a la difusi\u00f3n de la m\u00fasica brasile\u00f1a, el Premio Colombia- Iberm\u00fasicas, que reconoce iniciativas dedicadas a la difusi\u00f3n de la m\u00fasica colombiana y el Premio Per\u00fa &#8211; Iberm\u00fasicas, conmemorando el centenario de Nicomedes Santa Cruz y premiando la creaci\u00f3n de canciones inspiradas en su legado musical, junto a la nueva l\u00ednea de \u201cViajes por la m\u00fasica en lengua portuguesa\u201d, que sella el acuerdo de sinergia entre el Programa y la CPLP.<\/p>\n<p><strong>Culmina un a\u00f1o, pero se inaugura un nuevo ciclo de apoyo a la m\u00fasica iberoamericana, fomentando la colaboraci\u00f3n entre artistas y comunidades de todo el mundo. Adem\u00e1s, \u00a1El 2025 en Iberm\u00fasicas llegar\u00e1 con muchas novedades! Ya se encuentra todo listo para el pr\u00f3ximo lanzamiento de \u201cIberm\u00fasicas Global &#8211; el mercado musical Iberoamericano para el mundo\u201d. Este proyecto permitir\u00e1 un acercamiento entre el sector musical iberoamericano y el mercado profesional global a trav\u00e9s de la puesta en marcha de una herramienta digital para favorecer encuentros de manera online, conectando artistas, managers, productores, festivales, teatros, casas de shows y otros espacios culturales para promover la programaci\u00f3n de la m\u00fasica iberoamericana en el mundo entero. Iberm\u00fasicas Global ser\u00e1 un espacio de vinculaci\u00f3n, ampliaci\u00f3n de agenda, nuevas oportunidades de programaci\u00f3n\u00a0 y contrataciones art\u00edsticas en el mercado global, fortaleciendo las redes creadas en el circuito musical iberoamericano e impulsando la apertura de nuevos territorios hacia \u00c1frica, Asia, Norteam\u00e9rica y Ocean\u00eda. De esta manera, Iberm\u00fasicas contin\u00faa demostrando su compromiso con la democratizaci\u00f3n de la cultura y el fortalecimiento de la m\u00fasica como motor de transformaci\u00f3n social, reafirmando su compromiso de impulsar pol\u00edticas p\u00fablicas que fortalezcan los lazos dentro de la regi\u00f3n y m\u00e1s all\u00e1 de sus fronteras, ampliando el alcance de la m\u00fasica iberoamericana y generando oportunidades para el desarrollo profesional, el intercambio de conocimientos y la expansi\u00f3n de mercados. \u00a1Sigue de cerca este lanzamiento a trav\u00e9s de nuestras redes y prensa!<\/strong><\/p>\n<p><strong>\u00a0<\/strong><\/p>\n<p><strong>Nos sentimos orgullosos de llevar las m\u00fasicas iberoamericanas a todo el mundo. Deseamos que nuestras m\u00fasicas sigan construyendo nuevos caminos, nuevos derroteros, siempre como un s\u00edmbolo de paz. La m\u00fasica nos une.<\/strong><\/p>\n<p><strong>\u00a0<\/strong><\/p>\n<p><strong>\u00a1Muy Feliz 2025!<\/strong><\/p>\n","protected":false},"excerpt":{"rendered":"<p>El a\u00f1o 2024 ha sido de grandes logros para Iberm\u00fasicas, consolid\u00e1ndose como una plataforma clave para la proyecci\u00f3n de la m\u00fasica iberoamericana a nivel global. Adem\u00e1s de impactar en los pa\u00edses miembros de la regi\u00f3n Iberoamericana \u2014Argentina, Brasil, Chile, Colombia, Costa Rica, Cuba, Ecuador, El Salvador, Guatemala, Honduras, Espa\u00f1a, M\u00e9xico, Panam\u00e1, Paraguay, Per\u00fa, Portugal, Uruguay [&hellip;]<\/p>\n","protected":false},"author":7,"featured_media":21446,"comment_status":"closed","ping_status":"closed","sticky":false,"template":"","format":"standard","meta":{"footnotes":""},"categories":[53],"tags":[],"class_list":["post-20977","post","type-post","status-publish","format-standard","has-post-thumbnail","hentry","category-noticias-generales"],"lang":"es","translations":{"es":20977,"pt":20981},"pll_sync_post":[],"post_mailing_queue_ids":[],"_links":{"self":[{"href":"http:\/\/staging.ibermusicas.org\/index.php\/wp-json\/wp\/v2\/posts\/20977","targetHints":{"allow":["GET"]}}],"collection":[{"href":"http:\/\/staging.ibermusicas.org\/index.php\/wp-json\/wp\/v2\/posts"}],"about":[{"href":"http:\/\/staging.ibermusicas.org\/index.php\/wp-json\/wp\/v2\/types\/post"}],"author":[{"embeddable":true,"href":"http:\/\/staging.ibermusicas.org\/index.php\/wp-json\/wp\/v2\/users\/7"}],"replies":[{"embeddable":true,"href":"http:\/\/staging.ibermusicas.org\/index.php\/wp-json\/wp\/v2\/comments?post=20977"}],"version-history":[{"count":1,"href":"http:\/\/staging.ibermusicas.org\/index.php\/wp-json\/wp\/v2\/posts\/20977\/revisions"}],"predecessor-version":[{"id":20979,"href":"http:\/\/staging.ibermusicas.org\/index.php\/wp-json\/wp\/v2\/posts\/20977\/revisions\/20979"}],"wp:featuredmedia":[{"embeddable":true,"href":"http:\/\/staging.ibermusicas.org\/index.php\/wp-json\/wp\/v2\/media\/21446"}],"wp:attachment":[{"href":"http:\/\/staging.ibermusicas.org\/index.php\/wp-json\/wp\/v2\/media?parent=20977"}],"wp:term":[{"taxonomy":"category","embeddable":true,"href":"http:\/\/staging.ibermusicas.org\/index.php\/wp-json\/wp\/v2\/categories?post=20977"},{"taxonomy":"post_tag","embeddable":true,"href":"http:\/\/staging.ibermusicas.org\/index.php\/wp-json\/wp\/v2\/tags?post=20977"}],"curies":[{"name":"wp","href":"https:\/\/api.w.org\/{rel}","templated":true}]}}