{"id":20981,"date":"2024-12-17T17:08:40","date_gmt":"2024-12-17T17:08:40","guid":{"rendered":"http:\/\/staging.ibermusicas.org\/?p=20981"},"modified":"2025-05-16T20:36:28","modified_gmt":"2025-05-16T20:36:28","slug":"ibermusicas-celebra-um-ano-de-exitos-e-anuncia-novos-horizontes-para-a-musica-ibero-americana","status":"publish","type":"post","link":"http:\/\/staging.ibermusicas.org\/index.php\/ibermusicas-celebra-um-ano-de-exitos-e-anuncia-novos-horizontes-para-a-musica-ibero-americana\/","title":{"rendered":"Iberm\u00fasicas celebra um ano de \u00eaxitos e anuncia novos horizontes para a m\u00fasica ibero-americana"},"content":{"rendered":"<p>O ano de 2024 foi de grandes conquistas para o Iberm\u00fasicas, <strong>consolidando-se como um alicerce para a proje\u00e7\u00e3o da m\u00fasica ibero-americana a n\u00edvel global<\/strong>. Para al\u00e9m dos pa\u00edses membros da regi\u00e3o ibero-americana &#8211; Argentina, Brasil, Chile, Col\u00f4mbia, Costa Rica, Cuba, Equador, El Salvador, Guatemala, Honduras, Espanha, M\u00e9xico, Panam\u00e1, Paraguai, Peru, Portugal, Uruguai e Venezuela &#8211; este ano, o Iberm\u00fasicas expandiu o seu alcance para novos horizontes, chegando ao Canad\u00e1, Cabo Verde, China, Rep\u00fablica Democr\u00e1tica do Congo, Dinamarca, Est\u00f4nia, Alemanha, Gr\u00e9cia, Fran\u00e7a, It\u00e1lia, Holanda, Noruega, Coreia do Sul, Su\u00e9cia, Su\u00ed\u00e7a, Reino Unido, Estados Unidos, entre outros pa\u00edses. O programa beneficiou, por meio de suas convocat\u00f3rias, m<strong>ais de 250 projetos musicais e impulsionou a internacionaliza\u00e7\u00e3o de mais de 1500 profissionais da cadeia produtiva da m\u00fasica, entre artistas, pesquisadores, t\u00e9cnicos e gestores, os quais se apresentaram em concertos, ministraram masterclasses, compuseram novas obras, desenvolveram pesquisa, promoveram capacita\u00e7\u00e3o e forma\u00e7\u00e3o e partilharam a riqueza da nossa m\u00fasica, refor\u00e7ando os valores da coopera\u00e7\u00e3o e do interc\u00e2mbio cultural entre na\u00e7\u00f5es.<\/strong><\/p>\n<p>No in\u00edcio do ano, no Chile, por ocasi\u00e3o da reuni\u00e3o do Conselho Intergovernamental, os membros do Conselho elegeram por unanimidade <strong>o Brasil para presidir o Programa por um per\u00edodo de tr\u00eas anos<\/strong>. \u00c9 a primeira vez que um pa\u00eds de l\u00edngua portuguesa ocupa este cargo e \u00e9 o segundo mandato liderado por uma mulher. A Diretora de M\u00fasica da Funda\u00e7\u00e3o Nacional de Artes (FUNARTE) do Brasil, Eul\u00edcia Esteves, assumiu a presid\u00eancia do Iberm\u00fasicas, anteriormente ocupado por Camila Gallardo Valenzuela, representante do Chile. A elei\u00e7\u00e3o do Brasil refor\u00e7a o compromisso do Iberm\u00fasicas com o multilinguismo e a diversidade musical e cultural, al\u00e9m de reconhecer o quanto o pa\u00eds tem contribu\u00eddo para a expans\u00e3o e o desenvolvimento do Programa.<\/p>\n<p>Este ano, <strong>celebramos <\/strong>tamb\u00e9m <strong>um marco importante com a assinatura do acordo entre a Comunidade dos Pa\u00edses de L\u00edngua Portuguesa (CPLP) e o Programa Iberm\u00fasicas<\/strong>, que tem como objetivo construir pontes de cultura e coopera\u00e7\u00e3o entre Angola, Brasil, Cabo Verde, Guin\u00e9-Bissau, Guin\u00e9 Equatorial, Mo\u00e7ambique, S\u00e3o Tom\u00e9 e Pr\u00edncipe, Portugal, Timor-Leste e a Ibero-Am\u00e9rica. O acordo de coopera\u00e7\u00e3o foi formalizado no dia 21 de maio, no Pal\u00e1cio do Conde de Penafiel, sede da CPLP em Lisboa, no \u00e2mbito das atividades comemorativas do 5 de maio, Dia Mundial da L\u00edngua Portuguesa. O evento contou com a presen\u00e7a de Zacarias Albano da Costa, Secret\u00e1rio Executivo da CPLP; Eul\u00edcia Esteves, Presidente do Programa Iberm\u00fasicas e Diretora de M\u00fasica da FUNARTE, representante do Brasil no Programa; e Am\u00e9rico Rodrigues, Diretor-Geral das Artes (DGARTES) de Portugal. O evento contou ainda com as primorosas atua\u00e7\u00f5es art\u00edsticas de Miroca Paris, de Cabo Verde, e Karyna Gomes, da Guin\u00e9-Bissau. Esta colabora\u00e7\u00e3o entre o Iberm\u00fasicas e a CPLP marca o in\u00edcio de uma nova etapa repleta de oportunidades para os m\u00fasicos dos pa\u00edses de l\u00edngua portuguesa. M\u00fasica, cultura, l\u00edngua e coopera\u00e7\u00e3o s\u00e3o conceitos que nos unem profundamente e que este acordo pretende refor\u00e7ar. Por meio de um projeto especial conjunto entre a DGARTES (Dire\u00e7\u00e3o Geral das Artes), do Minist\u00e9rio da Cultura de Portugal, a FUNARTE (Funda\u00e7\u00e3o Nacional das Artes), do Brasil, e a CPLP, o Iberm\u00fasicas lan\u00e7ou pela primeira vez uma convocat\u00f3ria que celebra os la\u00e7os culturais e a diversidade musical dos pa\u00edses de l\u00edngua portuguesa. A iniciativa, intitulada <em>Viagens pela M\u00fasica em L\u00edngua Portuguesa<\/em>, foi uma proposta multilateral e pluricontinental que procura aproximar e fundir fronteiras, superando as dist\u00e2ncias f\u00edsicas entre a Am\u00e9rica Latina, a Europa, a \u00c1frica e o Sudeste Asi\u00e1tico. O sucesso desta convocat\u00f3ria se reflete nos seis pr\u00eamios atribu\u00eddos a projetos de Angola, Mo\u00e7ambique, S\u00e3o Tom\u00e9 e Pr\u00edncipe e Timor-Leste, demonstrando o potencial transformador desta parceria.<\/p>\n<p>Este ano, o Iberm\u00fasicas deu mais um passo significativo ao participar, pela primeira vez, de um grande mercado internacional: a WOMEX, confer\u00eancia mais importante da cena musical global, realizada em Manchester, Reino Unido, uma oportunidade estrat\u00e9gica para refor\u00e7ar o posicionamento do Iberm\u00fasicas no circuito global e promover o modelo \u00fanico de coopera\u00e7\u00e3o multilateral que distingue o Programa. Durante o evento, foram realizadas diversas atividades que tornaram vis\u00edvel o compromisso do Iberm\u00fasicas com a diversidade musical e a promo\u00e7\u00e3o da cria\u00e7\u00e3o art\u00edstica na regi\u00e3o ibero-americana. A presen\u00e7a neste f\u00f3rum global n\u00e3o s\u00f3 abriu novas portas para o estabelecimento de alian\u00e7as estrat\u00e9gicas, como tamb\u00e9m consolidou o papel da Ibero-Am\u00e9rica como uma regi\u00e3o vibrante e essencial no panorama musical mundial. Esta abordagem a novos mercados internacionais visa alargar as possibilidades de colabora\u00e7\u00e3o e o alcance dos artistas ibero-americanos nos palcos internacionais. <strong>A participa\u00e7\u00e3o do Iberm\u00fasicas na WOMEX 2024 \u00e9 um passo fundamental no refor\u00e7o da sua presen\u00e7a global, reafirmando o seu compromisso com a proje\u00e7\u00e3o internacional da m\u00fasica ibero-americana e com o enriquecimento do di\u00e1logo cultural a n\u00edvel mundial.<\/strong><\/p>\n<p>Em 2024, o Iberm\u00fasicas consolidou mais um <strong>feito hist\u00f3rico com o lan\u00e7amento do \u00abCat\u00e1logo Iberoamericano de Partituras\u00bb<\/strong>, um recurso \u00fanico destinado a divulgar a riqueza da m\u00fasica escrita ibero-americana. Este cat\u00e1logo, concebido como uma janela para o mundo, tem a miss\u00e3o de promover as obras dos compositores da regi\u00e3o, desde os primeiros registos at\u00e9 as cria\u00e7\u00f5es mais recentes. O cat\u00e1logo n\u00e3o s\u00f3 destaca o patrim\u00f4nio musical da Ibero-Am\u00e9rica, como tamb\u00e9m democratiza o seu acesso, permitindo aos criadores divulgar as suas obras de forma simples e gratuita. Por meio desta plataforma, qualquer pessoa interessada, desde programadores de orquestras e conjuntos a estudantes e professores, pode explorar um vasto repert\u00f3rio musical que abrange todos os g\u00eaneros, estilos e forma\u00e7\u00f5es poss\u00edveis. \u00c9 importante salientar que o Cat\u00e1logo Ibero-Americano de Partituras n\u00e3o atua como agente, distribuidor ou editor, bem como n\u00e3o aluga, vende ou oferece partituras completas. Em vez disso, serve de ponte entre quem procura m\u00fasica e os detentores de direitos, editores ou criadores, facilitando o contato para acessar as partituras completas e os materiais necess\u00e1rios. Esperamos que se torne uma ferramenta indispens\u00e1vel para a divulga\u00e7\u00e3o da m\u00fasica escrita de origem ibero-americana, fomentando a coopera\u00e7\u00e3o, o ensino e a pesquisa no \u00e2mbito da m\u00fasica. Este projeto convida os criadores a se juntarem a n\u00f3s, para que a m\u00fasica da regi\u00e3o continue a ressoar em todo o mundo e a chegar a novos p\u00fablicos.<\/p>\n<p>Com o objetivo de celebrar a Coopera\u00e7\u00e3o Cultural Ibero-Americana, o Iberm\u00fasicas, em colabora\u00e7\u00e3o com o Minist\u00e9rio das Artes, Culturas e Patrim\u00f4nio do Chile, <strong>lan\u00e7ou uma convocat\u00f3ria especial no \u00e2mbito do Encontro Internacional de Economias Criativas, MICSUR 2024<\/strong>, que decorreu em Santiago do Chile, de 17 a 20 de abril. Esta iniciativa buscou promover o interc\u00e2mbio art\u00edstico entre m\u00fasicos dos nove pa\u00edses participantes do encontro, Argentina, Brasil, Bol\u00edvia, Chile, Col\u00f4mbia, Equador, Paraguai, Peru e Uruguai, e convocou grupos chilenos a apresentarem propostas que inclu\u00edssem a colabora\u00e7\u00e3o de artistas de um dos pa\u00edses participantes, com o objetivo de realizar um concerto especial durante o encerramento do evento. O projeto vencedor da convocat\u00f3ria especial Iberm\u00fasicas &#8211; MICSUR Chile foi uma admir\u00e1vel colabora\u00e7\u00e3o da La Orquesta Andina de Chile (Pr\u00e9mio Pulsar 2017), com arranjos orquestrais de F\u00e9lix C\u00e1rdenas (Pr\u00e9mio Pulsar 2015), juntamente com as brilhantes cantoras Nadia Larcher (Argentina, cantora, instrumentista de tinya, pesquisadora da m\u00fasica mais antiga do norte argentino), Mar\u00eda Mulata (Col\u00f4mbia, cantora, compositora e pesquisadora da m\u00fasica afrodescendente colombiana, nomeada para os Grammy Latinos em 2013, 2018 e 2023, bem como vencedora do Festival de Vi\u00f1a del Mar em 2007) e Tha\u00eds Olivera (Chile), intitulado <em>Am\u00e9rica Morena<\/em>, um encontro musical multicultural que transitou entre o patrim\u00f4nio sonoro dos Andes e da Afro-Am\u00e9rica. O grande concerto de encerramento, realizado em 20 de abril, numa Plaza de la Constituci\u00f3n repleta de um p\u00fablico pulsante, celebrou a riqueza e a diversidade musical da regi\u00e3o.<\/p>\n<p>Gra\u00e7as \u00e0 colabora\u00e7\u00e3o especial do Minist\u00e9rio da Cultura de Cuba e do Minist\u00e9rio do Poder Popular para a Cultura da Venezuela, <strong>as onze obras vencedoras do Pr\u00eamio de Composi\u00e7\u00e3o Acad\u00eamica <\/strong>que o Iberm\u00fasicas lan\u00e7ou pelo d\u00e9cimo ano consecutivo em 2023 <strong>foram estreadas no \u00e2mbito de tr\u00eas concertos extraordin\u00e1rios apresentados pela Orquestra Sinf\u00f4nica Nacional de Cuba e pela Orquestra Filarm\u00f4nica Nacional da Venezuela. <\/strong>Centrado nesta edi\u00e7\u00e3o em obras sinf\u00f4nicas, o objetivo deste concurso \u00e9 refor\u00e7ar a cria\u00e7\u00e3o de nova m\u00fasica e enriquecer o repert\u00f3rio sinf\u00f4nico ibero-americano. O primeiro destes eventos teve lugar no domingo, 28 de abril de 2024, numa atua\u00e7\u00e3o especial na Sala Sim\u00f3n Bol\u00edvar do Centro de Acci\u00f3n Social por la M\u00fasica, sede do El Sistema, em Caracas, Venezuela. A Orquesta Filarm\u00f3nica Nacional de Venezuela, dirigida pelo Maestro Rub\u00e9n Capriles, estreou seis das obras premiadas: \u00abDensidades\u00bb, de Gustavo De Leonardis (Argentina), \u00abDeja Vu\u00bb, de Marcelo Dino (Brasil), \u00abCerca al Horizonte\u00bb, de Andr\u00e9s Poveda Herrera (Col\u00f4mbia), \u00abSusurros I\u00bb, de Daniel Toledo Guill\u00e9n (Cuba), \u00abAvalon\u00bb, de Jos\u00e9 Luis Valdivia Arias (Espanha) e \u00abMe voy porque me voy\u00bb, de Rodrigo Valdez Hermoso (M\u00e9xico). O segundo concerto teve lugar no domingo, 16 de junho de 2024, com uma nova interpreta\u00e7\u00e3o de \u00abSusurros I\u00bb (Daniel Toledo Guill\u00e9n, Cuba) e \u00abAvalon\u00bb (Jos\u00e9 Luis Valdivia Arias, Espanha). Finalmente, no domingo, 13 de outubro de 2024, a Orquesta Sinf\u00f3nica Nacional de Cuba, sob a batuta do Maestro Igor Corcuera, apresentou a estreia das outras cinco obras premiadas: \u00abF\u00e9nix\u00bb, de Cristian Andr\u00e9s Lazo Remedi (Chile), \u00abCanto del Cotopaxi\u00bb, de David Alejandro Meneses Almeida (Equador), \u00abCruces\u00bb, de Samuel Robles (Panam\u00e1), \u00abEl Enigma Cu\u00e1ntico\u00bb, de David Aguilar Valdiz\u00e1n (Peru) e \u00abAntifon\u00eda Fractal\u00bb, de David Pedroza (Venezuela).<\/p>\n<p>Este ano, tamb\u00e9m estreou a <strong>t\u00e3o esperada <em>Fantas\u00eda Sinf\u00f3nica: La historia del Tango, <\/em><\/strong>de Lucas Querini, vencedora <em>do Premio Iberm\u00fasicas Homenaje a los Cien A\u00f1os de La Cumparsita<\/em>, um concurso especial promovido pelo Uruguai por meio da CIATyC (Comisi\u00f3n Interministerial de Apoyo al Tango y al Candombe), em colabora\u00e7\u00e3o com Iberm\u00fasicas. A Orquesta Sinf\u00f3nica Nacional de Colombia, dirigida pelo maestro colombiano Juan Pablo Valencia, e com a participa\u00e7\u00e3o destacada do bandoneonista Giovanni Parra como solista, apresentou esta obra em dois espet\u00e1culos especiais nos dias 18 e 19 de abril de 2024, no Teatro Le\u00f3n de Greiff e no Audit\u00f3rio Fabio Lozano, em Bogot\u00e1, respectivamente.<\/p>\n<p>Em 2024<strong>, foram conclu\u00eddas as apresenta\u00e7\u00f5es dos primeiros projetos selecionados nas convocat\u00f3rias especiais realizadas pelo Iberm\u00fasicas e pela Mid Atlantic Arts.<\/strong> Esta iniciativa, concebida para fomentar o interc\u00e2mbio cultural e fortalecer o di\u00e1logo entre artistas musicais da Ibero-Am\u00e9rica e dos Estados Unidos, apoia a circula\u00e7\u00e3o da m\u00fasica e dos m\u00fasicos ibero-americanos nos Estados Unidos, com o objetivo de promover a diversidade musical e enriquecer o panorama cultural do pa\u00eds de destino. Os projetos selecionados abrangem um vasto leque de g\u00eaneros, desde a m\u00fasica tradicional \u00e0s propostas mais inovadoras, recebendo apoio financeiro e de produ\u00e7\u00e3o. Para al\u00e9m de promoverem concertos em v\u00e1rias cidades da regi\u00e3o do Atl\u00e2ntico, as iniciativas promovem atividades de aproxima\u00e7\u00e3o com a comunidade, como cursos, workshops, masterclasses, debates e mesas redondas, criando espa\u00e7os de intera\u00e7\u00e3o entre os artistas e as comunidades locais, incluindo as comunidades ibero-americanas migrantes. Os projetos vencedores refletem a diversidade cultural e a riqueza musical da Ibero-Am\u00e9rica, com potencial para ter um impacto significativo na cultura dos EUA. Este esfor\u00e7o n\u00e3o s\u00f3 promove o desenvolvimento art\u00edstico dos projetos selecionados, como tamb\u00e9m fortalece os la\u00e7os de colabora\u00e7\u00e3o entre as duas regi\u00f5es, utilizando a m\u00fasica como uma ferramenta de transforma\u00e7\u00e3o social e cultural. Um exemplo disso \u00e9 o caso do grupo mexicano Ca\u00f1a Dulce y Ca\u00f1a Brava, que apresenta uma interpreta\u00e7\u00e3o feminina do <em>tradicional son jarocho<\/em>, um g\u00eanero historicamente dominado pelos homens. Durante as suas quatro apresenta\u00e7\u00f5es, realizaram 71 atividades, incluindo 54 concertos, 13 workshops e 4 palestras. Destas, 23 foram especificamente dirigidas ao p\u00fablico infantil, realizadas em 16 escolas p\u00fablicas e 3 universidades. As demais apresenta\u00e7\u00f5es foram distribu\u00eddas por 24 salas de concertos, bibliotecas, centros culturais, festivais e museus, contemplando mais de 18.000 pessoas em 14 estados: Arizona, Calif\u00f3rnia, Carolina do Norte, Maine, Massachusetts, Maryland, Nova Jersey, Novo M\u00e9xico, Nevada, Nova Iorque, Pensilv\u00e2nia, Carolina do Norte, Rhode Island, Texas e Washington, D.C. Para al\u00e9m disso, obtiveram um retorno do investimento de cerca de 300%, consolidando assim o seu sucesso.<\/p>\n<p>O Iberm\u00fasicas <strong>consolidou a sua presen\u00e7a digital e reafirmou o seu compromisso com a divulga\u00e7\u00e3o da diversidade sonora ibero-americana por meio dos seus canais <\/strong>de comunica\u00e7\u00e3o. Ao longo do ano, colocou \u00e0 disposi\u00e7\u00e3o da comunidade um vasto arquivo audiovisual que inclui videoclipes, espet\u00e1culos ao vivo, document\u00e1rios, concertos em est\u00fadio, workshops, masterclasses, confer\u00eancias, palestras e debates. Estes conte\u00fados, acess\u00edveis a partir do seu Banco de Conte\u00fados na Web e do seu canal no YouTube, permitiram a p\u00fablicos de todo o mundo explorar a riqueza cultural e musical da regi\u00e3o a partir de m\u00faltiplas perspectivas. O material reflete a grande diversidade de propostas apoiadas pelo Iberm\u00fasicas ao longo dos anos e se consolida como um arquivo vivo, em constante crescimento, que oferece novas perspectivas e formas de compreender a m\u00fasica ibero-americana atual. Neste contexto, destaca-se tamb\u00e9m o canal do Iberm\u00fasicas no Spotify, onde se encontram duas iniciativas fundamentais: por um lado, \u00abIdentidades Sonoras\u00bb, que re\u00fane playlists com a curadoria de convidados especiais de cada um dos pa\u00edses membros do Programa, destacando as express\u00f5es musicais que comp\u00f5em as paisagens sonoras da regi\u00e3o; por outro, \u00abItiner\u00e1rio Can\u00e7\u00e3o\u00bb, que oferece um passeio pelas can\u00e7\u00f5es vencedoras de todas as edi\u00e7\u00f5es dos concursos de cria\u00e7\u00e3o de can\u00e7\u00f5es, entrela\u00e7ando as hist\u00f3rias, estilos e vozes da Ibero-Am\u00e9rica. Al\u00e9m disso, o Iberm\u00fasicas ampliou este esfor\u00e7o com o projeto \u00abIdentidades Sonoras II\u00bb, que convidou os artistas vencedores das edi\u00e7\u00f5es anteriores a criarem novas playlists baseadas no conceito de \u00abFronteras\u00bb (Fronteiras), permitindo uma abordagem sob m\u00faltiplas perspectivas: geogr\u00e1fica, cultural, simb\u00f3lica, imagin\u00e1ria, invis\u00edvel ou mesmo redefinida. As playlists estar\u00e3o dispon\u00edveis em breve, alargando ainda mais este di\u00e1logo musical.\u00a0 Com estas iniciativas, o Iberm\u00fasicas abre um di\u00e1logo no mundo do streaming e se envolve ativamente na conversa sonora global, criando um espa\u00e7o dedicado a propostas n\u00e3o hegem\u00f4nicas que nos convidam a descobrir novas paisagens sonoras.<\/p>\n<p>Al\u00e9m disso, entre as iniciativas de destaque, destacam-se <strong>as convocat\u00f3rias e concursos 2024<\/strong>, que receberam mais de 1600 candidaturas e premiaram <strong>mais de 250 projetos, abrangendo uma grande variedade de iniciativas de todos os estilos, g\u00eaneros e tradi\u00e7\u00f5es <\/strong>que promovem a internacionaliza\u00e7\u00e3o, a cria\u00e7\u00e3o, a forma\u00e7\u00e3o, a acessibilidade e a inclus\u00e3o, a profissionaliza\u00e7\u00e3o e a difus\u00e3o da m\u00fasica ibero-americana a n\u00edvel global. Os projetos apoiados pelo Iberm\u00fasicas promover\u00e3o a\u00e7\u00f5es de coopera\u00e7\u00e3o com a Alemanha, Argentina, \u00c1ustria, B\u00e9lgica, Bol\u00edvia, Brasil, Bulg\u00e1ria, Canad\u00e1, Chile, China, Col\u00f4mbia, Costa Rica, Cuba, Equador, Esc\u00f3cia, Espanha, Estados Unidos, Fran\u00e7a, Guatemala, It\u00e1lia, Jap\u00e3o, Luxemburgo, Marrocos, M\u00e9xico, Mold\u00e1via, Mo\u00e7ambique, Panam\u00e1, Paraguai, Peru, Portugal, Eslov\u00e1quia, Reino Unido, S\u00e3o Tom\u00e9 e Pr\u00edncipe, Su\u00e9cia, Su\u00ed\u00e7a, Uruguai e Venezuela, por meio das suas linhas de Apoio \u00e0 circula\u00e7\u00e3o de profissionais da m\u00fasica (financia a compra de passagens a\u00e9reas ou terrestres para facilitar a mobilidade de artistas e profissionais pelo mundo); Apoio \u00e0 programa\u00e7\u00e3o musical (financia a compra de passagens a\u00e9reas ou terrestres para enriquecer as propostas culturais e educativas com propostas internacionais); Apoio a artistas e pesquisadores para resid\u00eancias (facilita a estadia de profissionais para desenvolver projetos criativos ou de pesquisa em todo o mundo); Apoio a institui\u00e7\u00f5es para resid\u00eancias (apoia institui\u00e7\u00f5es, p\u00fablicas ou privadas, que desejem convidar artistas ou pesquisadores internacionais para realizar trabalhos nas suas instala\u00e7\u00f5es); Apoio \u00e0 especializa\u00e7\u00e3o e aperfei\u00e7oamento art\u00edstico e t\u00e9cnico (apoio a estudos avan\u00e7ados, tanto no \u00e2mbito institucional quanto de forma\u00e7\u00e3o com especialistas renomados); Apoio a projetos virtuais (apoio a projetos musicais por meio de plataformas virtuais); convocat\u00f3rias especiais, como o Pr\u00eamio Iberm\u00fasicas de can\u00e7\u00e3o para as inf\u00e2ncias e o Pr\u00eamio Iberm\u00fasicas de composi\u00e7\u00e3o de obras corais, a serem estreadas por orquestras renomadas em Cuba e na Venezuela. Al\u00e9m disso, a Convocat\u00f3ria Iberm\u00fasicas &#8211; Mid Atlantic Arts, que apoia a circula\u00e7\u00e3o de artistas ibero-americanos nos Estados Unidos; o Pr\u00eamio Brasil &#8211; Iberm\u00fasicas, que contempla iniciativas dedicadas \u00e0 divulga\u00e7\u00e3o da m\u00fasica brasileira, o Pr\u00eamio Col\u00f4mbia &#8211; Iberm\u00fasicas, que \u00a0abrange iniciativas dedicadas \u00e0 divulga\u00e7\u00e3o da m\u00fasica colombiana, e o Pr\u00eamio Peru &#8211; Iberm\u00fasicas, que comemora o centen\u00e1rio de Nicomedes Santa Cruz e contempla a cria\u00e7\u00e3o de can\u00e7\u00f5es inspiradas no seu legado musical, al\u00e9m da nova convocat\u00f3ria \u00abViagens pela m\u00fasica de l\u00edngua portuguesa\u00bb, que sela o acordo de sinergias entre o Programa e a CPLP.<\/p>\n<p><strong>O ano chega ao fim e inaugura-se um novo ciclo de apoio \u00e0 m\u00fasica ibero-americana, fomentando a colabora\u00e7\u00e3o entre artistas e comunidades de todo o mundo. Para al\u00e9m disso, o Iberm\u00fasicas 2025 vem com muitas novidades! Estamos a postos para o pr\u00f3ximo lan\u00e7amento do \u00abIberm\u00fasicas Global &#8211; o mercado da m\u00fasica ibero-americana para o mundo\u00bb. Este projeto aproximar\u00e1 o setor musical ibero-americano do mercado profissional global por meio da implementa\u00e7\u00e3o de uma ferramenta digital para promover encontros online, conectando artistas, gestores, produtores, festivais, teatros, salas de concertos e outros espa\u00e7os culturais para promover a programa\u00e7\u00e3o musical ibero-americana em todo o mundo. Iberm\u00fasicas Global ser\u00e1 um espa\u00e7o de networking, expans\u00e3o de agendas, novas oportunidades de programa\u00e7\u00e3o e reservas art\u00edsticas no mercado global, fortalecendo as redes criadas no circuito musical ibero-americano e promovendo a abertura de novos territ\u00f3rios na \u00c1frica, \u00c1sia, Am\u00e9rica do Norte e Oceania. Desta forma, o Iberm\u00fasicas reitera o seu compromisso com a democratiza\u00e7\u00e3o da cultura e o fortalecimento da m\u00fasica como motor de transforma\u00e7\u00e3o social, reafirmando o seu empenho em promover pol\u00edticas p\u00fablicas que fortale\u00e7am os la\u00e7os dentro e fora da regi\u00e3o, ampliando o alcance da m\u00fasica ibero-americana e gerando oportunidades de desenvolvimento profissional, interc\u00e2mbio de conhecimentos e expans\u00e3o do mercado.<\/strong><\/p>\n<p><strong>\u00a0<\/strong><\/p>\n<p><strong>A difus\u00e3o da m\u00fasica ibero-americana pelo mundo nos orgulha muito! Esperamos que a nossa m\u00fasica continue a construir novos caminhos, novas rotas, sempre como um s\u00edmbolo de converg\u00eancia entre povos e culturas. A m\u00fasica nos une.<\/strong><\/p>\n<p><strong>\u00a0<\/strong><\/p>\n<p><strong>Feliz 2025!<\/strong><\/p>\n","protected":false},"excerpt":{"rendered":"<p>O ano de 2024 foi de grandes conquistas para o Iberm\u00fasicas, consolidando-se como um alicerce para a proje\u00e7\u00e3o da m\u00fasica ibero-americana a n\u00edvel global. Para al\u00e9m dos pa\u00edses membros da regi\u00e3o ibero-americana &#8211; Argentina, Brasil, Chile, Col\u00f4mbia, Costa Rica, Cuba, Equador, El Salvador, Guatemala, Honduras, Espanha, M\u00e9xico, Panam\u00e1, Paraguai, Peru, Portugal, Uruguai e Venezuela &#8211; [&hellip;]<\/p>\n","protected":false},"author":7,"featured_media":20339,"comment_status":"closed","ping_status":"closed","sticky":false,"template":"","format":"standard","meta":{"footnotes":""},"categories":[218],"tags":[],"class_list":["post-20981","post","type-post","status-publish","format-standard","has-post-thumbnail","hentry","category-noticias-generales-pt"],"lang":"pt","translations":{"pt":20981,"es":20977},"pll_sync_post":[],"post_mailing_queue_ids":[],"_links":{"self":[{"href":"http:\/\/staging.ibermusicas.org\/index.php\/wp-json\/wp\/v2\/posts\/20981","targetHints":{"allow":["GET"]}}],"collection":[{"href":"http:\/\/staging.ibermusicas.org\/index.php\/wp-json\/wp\/v2\/posts"}],"about":[{"href":"http:\/\/staging.ibermusicas.org\/index.php\/wp-json\/wp\/v2\/types\/post"}],"author":[{"embeddable":true,"href":"http:\/\/staging.ibermusicas.org\/index.php\/wp-json\/wp\/v2\/users\/7"}],"replies":[{"embeddable":true,"href":"http:\/\/staging.ibermusicas.org\/index.php\/wp-json\/wp\/v2\/comments?post=20981"}],"version-history":[{"count":2,"href":"http:\/\/staging.ibermusicas.org\/index.php\/wp-json\/wp\/v2\/posts\/20981\/revisions"}],"predecessor-version":[{"id":21318,"href":"http:\/\/staging.ibermusicas.org\/index.php\/wp-json\/wp\/v2\/posts\/20981\/revisions\/21318"}],"wp:featuredmedia":[{"embeddable":true,"href":"http:\/\/staging.ibermusicas.org\/index.php\/wp-json\/wp\/v2\/media\/20339"}],"wp:attachment":[{"href":"http:\/\/staging.ibermusicas.org\/index.php\/wp-json\/wp\/v2\/media?parent=20981"}],"wp:term":[{"taxonomy":"category","embeddable":true,"href":"http:\/\/staging.ibermusicas.org\/index.php\/wp-json\/wp\/v2\/categories?post=20981"},{"taxonomy":"post_tag","embeddable":true,"href":"http:\/\/staging.ibermusicas.org\/index.php\/wp-json\/wp\/v2\/tags?post=20981"}],"curies":[{"name":"wp","href":"https:\/\/api.w.org\/{rel}","templated":true}]}}