{"id":21025,"date":"2024-12-27T18:51:28","date_gmt":"2024-12-27T18:51:28","guid":{"rendered":"http:\/\/staging.ibermusicas.org\/?p=21025"},"modified":"2025-02-27T16:30:21","modified_gmt":"2025-02-27T16:30:21","slug":"ricardo-pita-de-ecuador-presenta-todos-juntos-cancion-que-fuera-ganadora-del-concurso-de-creacion-de-cancion-ibermusicas-en-su-edicion-2020","status":"publish","type":"post","link":"http:\/\/staging.ibermusicas.org\/index.php\/ricardo-pita-de-ecuador-presenta-todos-juntos-cancion-que-fuera-ganadora-del-concurso-de-creacion-de-cancion-ibermusicas-en-su-edicion-2020\/","title":{"rendered":"Ricardo Pita de Ecuador presenta \u201cTodos Juntos\u201d, canci\u00f3n que fuera ganadora del concurso de creaci\u00f3n de canci\u00f3n Iberm\u00fasicas en su edici\u00f3n 2020"},"content":{"rendered":"<p>Ricardo Pita reafirma su compromiso de crear canciones que trascienden y conectan. Este sencillo no solo es un himno a la unidad, sino tambi\u00e9n una invitaci\u00f3n a construir comunidades m\u00e1s humanas y conscientes. A trav\u00e9s de su m\u00fasica, Pita nos recuerda que el amor y la empat\u00eda son los cimientos de un futuro mejor.<\/p>\n<p>El artista ecuatoriano Ricardo Pita invita a reflexionar sobre el poder de la uni\u00f3n con su nuevo sencillo \u00abTodos Juntos\u00bb. Este tema que ser\u00e1 parte de su pr\u00f3ximo \u00e1lbum ya est\u00e1 disponible en todas las plataformas. La canci\u00f3n celebra los lazos que nos unen, record\u00e1ndonos que juntos siempre somos m\u00e1s fuertes. Es una invitaci\u00f3n a reconectar con nuestra humanidad. La canci\u00f3n aborda la importancia de la conexi\u00f3n humana y la solidaridad en un mundo que muchas veces nos empuja hacia la separaci\u00f3n y el individualismo.<\/p>\n<p><em>\u201cEs una canci\u00f3n para las familias. No solo para la que naces, sino para la que vas creando con el tiempo. Para tu tribu. Aunque necesites tu refugio y tu soledad de vez en cuando, no hay nada como la cercan\u00eda de tus seres queridos. En este mundo tan lleno de oscuridad y separaci\u00f3n, la revoluci\u00f3n es una de amor y unidad\u00bb<\/em>, comenta Ricardo Pita.<\/p>\n<p>La letra de \u00abTodos Juntos\u00bb nos invita a reflexionar sobre c\u00f3mo nuestras acciones impactan a quienes nos rodean y destaca la importancia de actuar con empat\u00eda y conciencia.<\/p>\n<p>Ricardo Pita es reconocido por su capacidad de transformar experiencias personales y sociales en m\u00fasica que conecta con el alma de su audiencia. Con una carrera que lo ha llevado a escenarios internacionales y a compartir su mensaje con audiencias diversas, contin\u00faa consolid\u00e1ndose como una de las voces m\u00e1s aut\u00e9nticas de la m\u00fasica ecuatoriana.<\/p>\n<p>\u00abTodos Juntos\u00bb es el cuarto sencillo de su pr\u00f3ximo \u00e1lbum, \u201cEl Grito de las Suciedades\u201d, un proyecto que explora temas como la memoria, la diversidad y las luchas sociales en Am\u00e9rica Latina. Canciones anteriores como \u00abTanto\u00bb, \u00abParen que me bajo ac\u00e1\u00bb y \u00abSomos\u00bb han demostrado su compromiso de usar la m\u00fasica como un veh\u00edculo para el cambio y la reflexi\u00f3n.<\/p>\n<p>Escuchar en:<\/p>\n<p><a href=\"https:\/\/open.spotify.com\/playlist\/6dvZ3GPuhoQmJ5itJGiH6G?si=cSke6dX-QiWznas5BARigg&amp;pi=zA6NI4AmTS6-l\">https:\/\/open.spotify.com\/playlist\/6dvZ3GPuhoQmJ5itJGiH6G?si=cSke6dX-QiWznas5BARigg&amp;pi=zA6NI4AmTS6-l<\/a><\/p>\n","protected":false},"excerpt":{"rendered":"<p>Ricardo Pita reafirma su compromiso de crear canciones que trascienden y conectan. Este sencillo no solo es un himno a la unidad, sino tambi\u00e9n una invitaci\u00f3n a construir comunidades m\u00e1s humanas y conscientes. A trav\u00e9s de su m\u00fasica, Pita nos recuerda que el amor y la empat\u00eda son los cimientos de un futuro mejor. El [&hellip;]<\/p>\n","protected":false},"author":7,"featured_media":21026,"comment_status":"closed","ping_status":"closed","sticky":false,"template":"","format":"standard","meta":{"footnotes":""},"categories":[53],"tags":[],"class_list":["post-21025","post","type-post","status-publish","format-standard","has-post-thumbnail","hentry","category-noticias-generales"],"lang":"es","translations":{"es":21025,"pt":21028},"pll_sync_post":[],"post_mailing_queue_ids":[],"_links":{"self":[{"href":"http:\/\/staging.ibermusicas.org\/index.php\/wp-json\/wp\/v2\/posts\/21025","targetHints":{"allow":["GET"]}}],"collection":[{"href":"http:\/\/staging.ibermusicas.org\/index.php\/wp-json\/wp\/v2\/posts"}],"about":[{"href":"http:\/\/staging.ibermusicas.org\/index.php\/wp-json\/wp\/v2\/types\/post"}],"author":[{"embeddable":true,"href":"http:\/\/staging.ibermusicas.org\/index.php\/wp-json\/wp\/v2\/users\/7"}],"replies":[{"embeddable":true,"href":"http:\/\/staging.ibermusicas.org\/index.php\/wp-json\/wp\/v2\/comments?post=21025"}],"version-history":[{"count":1,"href":"http:\/\/staging.ibermusicas.org\/index.php\/wp-json\/wp\/v2\/posts\/21025\/revisions"}],"predecessor-version":[{"id":21027,"href":"http:\/\/staging.ibermusicas.org\/index.php\/wp-json\/wp\/v2\/posts\/21025\/revisions\/21027"}],"wp:featuredmedia":[{"embeddable":true,"href":"http:\/\/staging.ibermusicas.org\/index.php\/wp-json\/wp\/v2\/media\/21026"}],"wp:attachment":[{"href":"http:\/\/staging.ibermusicas.org\/index.php\/wp-json\/wp\/v2\/media?parent=21025"}],"wp:term":[{"taxonomy":"category","embeddable":true,"href":"http:\/\/staging.ibermusicas.org\/index.php\/wp-json\/wp\/v2\/categories?post=21025"},{"taxonomy":"post_tag","embeddable":true,"href":"http:\/\/staging.ibermusicas.org\/index.php\/wp-json\/wp\/v2\/tags?post=21025"}],"curies":[{"name":"wp","href":"https:\/\/api.w.org\/{rel}","templated":true}]}}