{"id":21028,"date":"2024-12-27T18:56:02","date_gmt":"2024-12-27T18:56:02","guid":{"rendered":"http:\/\/staging.ibermusicas.org\/?p=21028"},"modified":"2025-02-27T16:42:10","modified_gmt":"2025-02-27T16:42:10","slug":"ricardo-pita-do-equador-apresenta-todos-juntos-uma-musica-que-foi-a-vencedora-do-concurso-de-criacao-de-cancoes-do-ibermusicas-em-sua-edicao-de-2020","status":"publish","type":"post","link":"http:\/\/staging.ibermusicas.org\/index.php\/ricardo-pita-do-equador-apresenta-todos-juntos-uma-musica-que-foi-a-vencedora-do-concurso-de-criacao-de-cancoes-do-ibermusicas-em-sua-edicao-de-2020\/","title":{"rendered":"Ricardo Pita, do Equador, apresenta \u00abTodos Juntos\u00bb, uma m\u00fasica que foi a vencedora do concurso de cria\u00e7\u00e3o de can\u00e7\u00f5es do Iberm\u00fasicas em sua edi\u00e7\u00e3o de 2020"},"content":{"rendered":"<p>Ricardo Pita reafirma seu compromisso de criar can\u00e7\u00f5es que transcendem e conectam. Esse single n\u00e3o \u00e9 apenas um hino \u00e0 uni\u00e3o, mas tamb\u00e9m um convite \u00e0 constru\u00e7\u00e3o de comunidades mais humanas e conscientes. Por meio de sua m\u00fasica, Pita nos lembra que o amor e a empatia s\u00e3o as bases de um futuro melhor.<\/p>\n<p>O artista equatoriano Ricardo Pita nos convida a refletir sobre o poder da uni\u00e3o com seu novo single \u00abTodos Juntos\u00bb. Essa m\u00fasica, que far\u00e1 parte de seu pr\u00f3ximo \u00e1lbum, j\u00e1 est\u00e1 dispon\u00edvel em todas as plataformas. A m\u00fasica celebra os la\u00e7os que nos unem, lembrando-nos de que juntos somos sempre mais fortes. \u00c9 um convite para reconectar com nossa humanidade. A m\u00fasica aborda a import\u00e2ncia da conex\u00e3o humana e da solidariedade em um mundo que muitas vezes nos empurra para a separa\u00e7\u00e3o e o individualismo.<\/p>\n<p><em>\u00ab\u00c9 uma m\u00fasica para fam\u00edlias.<\/em> <em>N\u00e3o apenas aquela em que voc\u00ea nasce, mas aquela que voc\u00ea cria ao longo do tempo.<\/em> <em>Para sua tribo.<\/em> <em>Mesmo que voc\u00ea precise de seu ref\u00fagio e solid\u00e3o de vez em quando, n\u00e3o h\u00e1 nada como a proximidade de seus entes queridos.<\/em> <em>Neste mundo t\u00e3o cheio de escurid\u00e3o e separa\u00e7\u00e3o, a revolu\u00e7\u00e3o \u00e9 de amor e uni\u00e3o\u00bb,<\/em> comenta Ricardo Pita.<\/p>\n<p>A letra de \u00abTodos Juntos\u00bb nos convida a refletir sobre como nossas a\u00e7\u00f5es afetam as pessoas ao nosso redor e destaca a import\u00e2ncia de agir com empatia e consci\u00eancia.<\/p>\n<p>Ricardo Pita \u00e9 conhecido por sua capacidade de transformar experi\u00eancias pessoais e sociais em m\u00fasicas que se conectam com a alma de seu p\u00fablico. Com uma carreira que o levou a palcos internacionais e a compartilhar sua mensagem com diversos p\u00fablicos, ele continua a se estabelecer como uma das vozes mais aut\u00eanticas da m\u00fasica equatoriana.<\/p>\n<p>\u00abTodos Juntos\u00bb \u00e9 o quarto single de seu pr\u00f3ximo \u00e1lbum, \u00abO grito dos sujos\u00bb, um projeto que explora temas de mem\u00f3ria, diversidade e lutas sociais na Am\u00e9rica Latina. M\u00fasicas anteriores, como \u00abTanto\u00bb, \u00abParen que me bajo ac\u00e1\u00bb e \u00abSomos\u00bb, demonstraram seu compromisso de usar a m\u00fasica como ve\u00edculo de mudan\u00e7a e reflex\u00e3o.<\/p>\n<p>&nbsp;<\/p>\n<p>Ou\u00e7a em:<\/p>\n<p><a href=\"https:\/\/open.spotify.com\/playlist\/6dvZ3GPuhoQmJ5itJGiH6G?si=cSke6dX-QiWznas5BARigg&amp;pi=zA6NI4AmTS6-l\">https:\/\/open.spotify.com\/playlist\/6dvZ3GPuhoQmJ5itJGiH6G?si=cSke6dX-QiWznas5BARigg&amp;pi=zA6NI4AmTS6-l<\/a><\/p>\n","protected":false},"excerpt":{"rendered":"<p>Ricardo Pita reafirma seu compromisso de criar can\u00e7\u00f5es que transcendem e conectam. Esse single n\u00e3o \u00e9 apenas um hino \u00e0 uni\u00e3o, mas tamb\u00e9m um convite \u00e0 constru\u00e7\u00e3o de comunidades mais humanas e conscientes. Por meio de sua m\u00fasica, Pita nos lembra que o amor e a empatia s\u00e3o as bases de um futuro melhor. O [&hellip;]<\/p>\n","protected":false},"author":7,"featured_media":21026,"comment_status":"closed","ping_status":"closed","sticky":false,"template":"","format":"standard","meta":{"footnotes":""},"categories":[218],"tags":[],"class_list":["post-21028","post","type-post","status-publish","format-standard","has-post-thumbnail","hentry","category-noticias-generales-pt"],"lang":"pt","translations":{"pt":21028,"es":21025},"pll_sync_post":[],"post_mailing_queue_ids":[],"_links":{"self":[{"href":"http:\/\/staging.ibermusicas.org\/index.php\/wp-json\/wp\/v2\/posts\/21028","targetHints":{"allow":["GET"]}}],"collection":[{"href":"http:\/\/staging.ibermusicas.org\/index.php\/wp-json\/wp\/v2\/posts"}],"about":[{"href":"http:\/\/staging.ibermusicas.org\/index.php\/wp-json\/wp\/v2\/types\/post"}],"author":[{"embeddable":true,"href":"http:\/\/staging.ibermusicas.org\/index.php\/wp-json\/wp\/v2\/users\/7"}],"replies":[{"embeddable":true,"href":"http:\/\/staging.ibermusicas.org\/index.php\/wp-json\/wp\/v2\/comments?post=21028"}],"version-history":[{"count":1,"href":"http:\/\/staging.ibermusicas.org\/index.php\/wp-json\/wp\/v2\/posts\/21028\/revisions"}],"predecessor-version":[{"id":21029,"href":"http:\/\/staging.ibermusicas.org\/index.php\/wp-json\/wp\/v2\/posts\/21028\/revisions\/21029"}],"wp:featuredmedia":[{"embeddable":true,"href":"http:\/\/staging.ibermusicas.org\/index.php\/wp-json\/wp\/v2\/media\/21026"}],"wp:attachment":[{"href":"http:\/\/staging.ibermusicas.org\/index.php\/wp-json\/wp\/v2\/media?parent=21028"}],"wp:term":[{"taxonomy":"category","embeddable":true,"href":"http:\/\/staging.ibermusicas.org\/index.php\/wp-json\/wp\/v2\/categories?post=21028"},{"taxonomy":"post_tag","embeddable":true,"href":"http:\/\/staging.ibermusicas.org\/index.php\/wp-json\/wp\/v2\/tags?post=21028"}],"curies":[{"name":"wp","href":"https:\/\/api.w.org\/{rel}","templated":true}]}}