{"id":21030,"date":"2024-12-27T19:04:17","date_gmt":"2024-12-27T19:04:17","guid":{"rendered":"http:\/\/staging.ibermusicas.org\/?p=21030"},"modified":"2025-02-27T16:30:13","modified_gmt":"2025-02-27T16:30:13","slug":"los-artistas-e-investigadores-brasilenos-adriano-monteiro-y-rafaela-pires-estaran-como-investigadores-visitantes-en-el-ligeti-zentrum-para-desarrollar-el-proyecto-de-regeneracion","status":"publish","type":"post","link":"http:\/\/staging.ibermusicas.org\/index.php\/los-artistas-e-investigadores-brasilenos-adriano-monteiro-y-rafaela-pires-estaran-como-investigadores-visitantes-en-el-ligeti-zentrum-para-desarrollar-el-proyecto-de-regeneracion\/","title":{"rendered":"Los artistas e investigadores brasile\u00f1os Adriano Monteiro y Rafaela Pires estar\u00e1n como investigadores visitantes en el Ligeti Zentrum para desarrollar el proyecto de\/re:generaci\u00f3n"},"content":{"rendered":"<p>El Ligeti Zentrum es un centro transdisciplinar de investigaci\u00f3n con sede en la ciudad de Hamburgo, Alemania, que trabaja en la convergencia entre arte, ciencia y tecnolog\u00eda. El objetivo de esta colaboraci\u00f3n es avanzar en la investigaci\u00f3n sobre la integraci\u00f3n de materiales biopl\u00e1sticos y medios electr\u00f3nicos en la concepci\u00f3n de una obra musical esc\u00e9nica multimedia, basada en los principios po\u00e9ticos de degeneraci\u00f3n y regeneraci\u00f3n.<\/p>\n<p>&nbsp;<\/p>\n<p>El estreno de la obra creada como resultado de la investigaci\u00f3n est\u00e1 previsto para junio de 2025 en la ciudad de Goi\u00e2nia. Tambi\u00e9n se llevar\u00e1n a cabo dos talleres gratuitos dirigidos a la poblaci\u00f3n en situaci\u00f3n de vulnerabilidad socioecon\u00f3mica de Goi\u00e2nia: uno sobre la confecci\u00f3n de biopl\u00e1sticos y otro sobre el dise\u00f1o de instrumentos musicales interactivos. El proyecto de\/re:generaci\u00f3n cuenta con el apoyo del programa Iberm\u00fasicas para residencias de artistas e investigadores.<\/p>\n<p>&nbsp;<\/p>\n<p>Adriano Monteiro es profesor de composici\u00f3n musical en la Universidad Federal de Goi\u00e1s, Brasil. Su trabajo se centra en la convergencia entre arte y tecnolog\u00eda, abarcando \u00e1reas como la m\u00fasica electroac\u00fastica y computacional, la performance audiovisual y las instalaciones multimedia. Es licenciado en Composici\u00f3n Musical por la Universidad Estatal de Campinas (UNICAMP) y doctor en M\u00fasica por la misma instituci\u00f3n. Sus trabajos art\u00edsticos y acad\u00e9micos han sido presentados en eventos nacionales e internacionales, como el New York Electroacoustic Music Festival, Sound Kitchen \/ Prague Quadrennial, International Computer Music Conference (ICMC), New Interfaces for Music Expression (NIME), Electronic Language Internacional Festival (FILE), Sound and Music Computing Conference (SMC), Simp\u00f3sio Internacional de M\u00fasica Nova (SiMN), Festival Internacional de M\u00fasica Experimental (FIME), entre otros.<\/p>\n<p>&nbsp;<\/p>\n<p>Rafaela Blanch Pires es dise\u00f1adora, profesora en el \u00e1rea de Artes Esc\u00e9nicas en la Universidad Federal de Goi\u00e1s y coordinadora del AdaLab\/UFG. Realiza investigaciones en maquillaje de efectos especiales, pr\u00f3tesis, arte textil, vestuario, dise\u00f1o, luces interactivas y fabricaci\u00f3n digital. Es doctora en dise\u00f1o y arquitectura por la FAU\/USP. En 2015, fue investigadora visitante en la WSL &#8211; TUe en Eindhoven, Pa\u00edses Bajos. Su performance acompa\u00f1ada de un taller de biopl\u00e1sticos de almid\u00f3n de mandioca (\u00abWe Are Seeds\u00bb) fue presentada durante la Cuatrienal de Praga de Dise\u00f1o de Performance en 2023. Asimismo, registros de la acci\u00f3n fueron exhibidos en el mapeo latinoamericano de proyectos en biomateriales en el Kunstgewerbe Museum en Berl\u00edn, Alemania (2024). Otras obras en colaboraci\u00f3n con Adriano Monteiro, como \u00abLa disoluci\u00f3n del ser\u00bb, fueron presentadas en su versi\u00f3n de performance audiovisual en vivo en el Sound Kitchen en Praga (2023) y tambi\u00e9n en el Sesc Pa\u00e7o, Curitiba (2023). La versi\u00f3n instalativa de la misma obra fue expuesta en el Centro Cultural Octo Marques y el Centro Cultural UFG, ambos en Goi\u00e2nia, en 2024.<\/p>\n<p>&nbsp;<\/p>\n<ul>\n<li>Del 2 de enero al 28 de febrero en el Ligeti Zentrum, Hamburgo, Alemania<\/li>\n<\/ul>\n","protected":false},"excerpt":{"rendered":"<p>El Ligeti Zentrum es un centro transdisciplinar de investigaci\u00f3n con sede en la ciudad de Hamburgo, Alemania, que trabaja en la convergencia entre arte, ciencia y tecnolog\u00eda. El objetivo de esta colaboraci\u00f3n es avanzar en la investigaci\u00f3n sobre la integraci\u00f3n de materiales biopl\u00e1sticos y medios electr\u00f3nicos en la concepci\u00f3n de una obra musical esc\u00e9nica multimedia, [&hellip;]<\/p>\n","protected":false},"author":7,"featured_media":21031,"comment_status":"closed","ping_status":"closed","sticky":false,"template":"","format":"standard","meta":{"footnotes":""},"categories":[53],"tags":[],"class_list":["post-21030","post","type-post","status-publish","format-standard","has-post-thumbnail","hentry","category-noticias-generales"],"lang":"es","translations":{"es":21030,"pt":21033},"pll_sync_post":[],"post_mailing_queue_ids":[],"_links":{"self":[{"href":"http:\/\/staging.ibermusicas.org\/index.php\/wp-json\/wp\/v2\/posts\/21030","targetHints":{"allow":["GET"]}}],"collection":[{"href":"http:\/\/staging.ibermusicas.org\/index.php\/wp-json\/wp\/v2\/posts"}],"about":[{"href":"http:\/\/staging.ibermusicas.org\/index.php\/wp-json\/wp\/v2\/types\/post"}],"author":[{"embeddable":true,"href":"http:\/\/staging.ibermusicas.org\/index.php\/wp-json\/wp\/v2\/users\/7"}],"replies":[{"embeddable":true,"href":"http:\/\/staging.ibermusicas.org\/index.php\/wp-json\/wp\/v2\/comments?post=21030"}],"version-history":[{"count":1,"href":"http:\/\/staging.ibermusicas.org\/index.php\/wp-json\/wp\/v2\/posts\/21030\/revisions"}],"predecessor-version":[{"id":21032,"href":"http:\/\/staging.ibermusicas.org\/index.php\/wp-json\/wp\/v2\/posts\/21030\/revisions\/21032"}],"wp:featuredmedia":[{"embeddable":true,"href":"http:\/\/staging.ibermusicas.org\/index.php\/wp-json\/wp\/v2\/media\/21031"}],"wp:attachment":[{"href":"http:\/\/staging.ibermusicas.org\/index.php\/wp-json\/wp\/v2\/media?parent=21030"}],"wp:term":[{"taxonomy":"category","embeddable":true,"href":"http:\/\/staging.ibermusicas.org\/index.php\/wp-json\/wp\/v2\/categories?post=21030"},{"taxonomy":"post_tag","embeddable":true,"href":"http:\/\/staging.ibermusicas.org\/index.php\/wp-json\/wp\/v2\/tags?post=21030"}],"curies":[{"name":"wp","href":"https:\/\/api.w.org\/{rel}","templated":true}]}}