{"id":21033,"date":"2024-12-27T19:05:34","date_gmt":"2024-12-27T19:05:34","guid":{"rendered":"http:\/\/staging.ibermusicas.org\/?p=21033"},"modified":"2025-02-27T16:42:02","modified_gmt":"2025-02-27T16:42:02","slug":"os-artistas-e-pesquisadores-brasileiros-adriano-monteiro-e-rafaela-pires-estarao-como-pesquisadores-visitantes-no-ligeti-zentrum-para-o-desenvolvimento-do-projeto-de-regeneracao","status":"publish","type":"post","link":"http:\/\/staging.ibermusicas.org\/index.php\/os-artistas-e-pesquisadores-brasileiros-adriano-monteiro-e-rafaela-pires-estarao-como-pesquisadores-visitantes-no-ligeti-zentrum-para-o-desenvolvimento-do-projeto-de-regeneracao\/","title":{"rendered":"Os artistas e pesquisadores brasileiros Adriano Monteiro e Rafaela Pires estar\u00e3o como pesquisadores visitantes no Ligeti Zentrum para o desenvolvimento do projeto de\/re:genera\u00e7\u00e3o"},"content":{"rendered":"<p>O Ligeti Zentrum \u00e9 um centro transdisciplinar de pesquisa sediado na cidade de Hamburgo, Alemanha, que atua na converg\u00eancia entre arte, ci\u00eancia e tecnologia. O objetivo desta colabora\u00e7\u00e3o \u00e9 avan\u00e7ar na pesquisa sobre a integra\u00e7\u00e3o entre materiais biopl\u00e1sticos e m\u00eddias eletr\u00f4nicas na concep\u00e7\u00e3o de uma obra musical c\u00eanica multim\u00eddia que ter\u00e1 como princ\u00edpios po\u00e9ticos os conceitos de degenera\u00e7\u00e3o e regenera\u00e7\u00e3o.<\/p>\n<p>&nbsp;<\/p>\n<p>A estreia da obra criada como produto da pesquisa est\u00e1 prevista para junho de 2025 na cidade de Goi\u00e2nia. Ser\u00e3o realizadas tamb\u00e9m duas oficinas livres destinada a popula\u00e7\u00e3o em vulnerabilidade socioecon\u00f4mica de Goi\u00e2nia: uma delas sobre a confec\u00e7\u00e3o de biopl\u00e1sticos e a outra sobre o design de instrumentos musicais interativos. O projeto de\/re:genera\u00e7\u00e3o conta com o apoio do programa iberm\u00fasicas para resid\u00eancia de artistas e pesquisadores.<\/p>\n<p>&nbsp;<\/p>\n<p>Adriano Monteiro \u00e9 professor de composi\u00e7\u00e3o musical na Universidade Federal de Goi\u00e1s \u2013 Brasil. Suas atividades est\u00e3o centradas na converg\u00eancia entre arte e tecnologia, abrangendo dom\u00ednios como m\u00fasica eletroac\u00fastica e computacional, performance audiovisual e instala\u00e7\u00e3o multim\u00eddia. \u00c9 bacharel em Composi\u00e7\u00e3o Musical pela Universidade Estadual de Campinas (UNICAMP) e doutor em M\u00fasica pela mesma institui\u00e7\u00e3o. Seus trabalhos art\u00edsticos e acad\u00eamicos t\u00eam figurado em eventos nacionais e internacionais, tais como New York Electroacoustic Music Festival, Sound Kitchen \/ Prague Quadrennial, International Computer Music Conference (ICMC), New Interfaces for Music Expresssion (NIME), Festival Internacional de Linguagem Eletr\u00f4nica (FILE), Sound and Music Computing Conference (SMC), Simp\u00f3sio Internacional de M\u00fasica Nova (SiMN), Festival Internacional de M\u00fasica Experimental (FIME), dentre outros.<\/p>\n<p>&nbsp;<\/p>\n<p>Rafaela Blanch Pires \u00e9 designer, professora na \u00e1rea de Artes da Cena na Universidade Federal de Goi\u00e1s e coordenadora do AdaLab\/UFG. Desenvolve pesquisa em maquiagem de efeitos especiais, pr\u00f3teses, arte t\u00eaxtil, figurino, design, luzes interativas e fabrica\u00e7\u00e3o digital. \u00c9 doutora em design e arquitetura pela FAU\/USP. Em 2015 foi pesquisadora visitante na WSL &#8211; TUe em Eindhoven, Holanda. A performance acompanhada de oficina de biopl\u00e1sticos de amido de mandioca (\u00abWe are Seeds\u00bbfoi apresentada durante a Quadrienal de Praga de Design da Performance em 2023, bem como registros da a\u00e7\u00e3o foram exibidos no mapeamento latinoamericano de projetos em biomateriais no Kunstgewerbe Museum em Berlin, na Alemanha (2024). Outras obras em colabora\u00e7\u00e3o com Adriano Monteiro como \u00abA Dissolu\u00e7\u00e3o do Ser\u00bb foram apresentadas em sua vers\u00e3o performance de audiovisual ao vivo no Sound Kitchen, em Praga (2023), tamb\u00e9m no Sesc Pa\u00e7o, Curitiba (2023). A vers\u00e3o instalativa da obra de mesmo t\u00edtulo foi exibida no Centro Cultural Octo Marques e Centro Cultural UFG, ambos em Goi\u00e2nia em 2024.<\/p>\n<p><strong>\u00a0<\/strong><\/p>\n<ul>\n<li>2 de janeiro &#8211; 28 de fevereiro no Ligeti Zentrum, Hamburgo, Alemanha<\/li>\n<\/ul>\n","protected":false},"excerpt":{"rendered":"<p>O Ligeti Zentrum \u00e9 um centro transdisciplinar de pesquisa sediado na cidade de Hamburgo, Alemanha, que atua na converg\u00eancia entre arte, ci\u00eancia e tecnologia. O objetivo desta colabora\u00e7\u00e3o \u00e9 avan\u00e7ar na pesquisa sobre a integra\u00e7\u00e3o entre materiais biopl\u00e1sticos e m\u00eddias eletr\u00f4nicas na concep\u00e7\u00e3o de uma obra musical c\u00eanica multim\u00eddia que ter\u00e1 como princ\u00edpios po\u00e9ticos os [&hellip;]<\/p>\n","protected":false},"author":7,"featured_media":21031,"comment_status":"closed","ping_status":"closed","sticky":false,"template":"","format":"standard","meta":{"footnotes":""},"categories":[218],"tags":[],"class_list":["post-21033","post","type-post","status-publish","format-standard","has-post-thumbnail","hentry","category-noticias-generales-pt"],"lang":"pt","translations":{"pt":21033,"es":21030},"pll_sync_post":[],"post_mailing_queue_ids":[],"_links":{"self":[{"href":"http:\/\/staging.ibermusicas.org\/index.php\/wp-json\/wp\/v2\/posts\/21033","targetHints":{"allow":["GET"]}}],"collection":[{"href":"http:\/\/staging.ibermusicas.org\/index.php\/wp-json\/wp\/v2\/posts"}],"about":[{"href":"http:\/\/staging.ibermusicas.org\/index.php\/wp-json\/wp\/v2\/types\/post"}],"author":[{"embeddable":true,"href":"http:\/\/staging.ibermusicas.org\/index.php\/wp-json\/wp\/v2\/users\/7"}],"replies":[{"embeddable":true,"href":"http:\/\/staging.ibermusicas.org\/index.php\/wp-json\/wp\/v2\/comments?post=21033"}],"version-history":[{"count":1,"href":"http:\/\/staging.ibermusicas.org\/index.php\/wp-json\/wp\/v2\/posts\/21033\/revisions"}],"predecessor-version":[{"id":21034,"href":"http:\/\/staging.ibermusicas.org\/index.php\/wp-json\/wp\/v2\/posts\/21033\/revisions\/21034"}],"wp:featuredmedia":[{"embeddable":true,"href":"http:\/\/staging.ibermusicas.org\/index.php\/wp-json\/wp\/v2\/media\/21031"}],"wp:attachment":[{"href":"http:\/\/staging.ibermusicas.org\/index.php\/wp-json\/wp\/v2\/media?parent=21033"}],"wp:term":[{"taxonomy":"category","embeddable":true,"href":"http:\/\/staging.ibermusicas.org\/index.php\/wp-json\/wp\/v2\/categories?post=21033"},{"taxonomy":"post_tag","embeddable":true,"href":"http:\/\/staging.ibermusicas.org\/index.php\/wp-json\/wp\/v2\/tags?post=21033"}],"curies":[{"name":"wp","href":"https:\/\/api.w.org\/{rel}","templated":true}]}}