{"id":21035,"date":"2024-12-27T19:06:33","date_gmt":"2024-12-27T19:06:33","guid":{"rendered":"http:\/\/staging.ibermusicas.org\/?p=21035"},"modified":"2025-02-27T16:30:05","modified_gmt":"2025-02-27T16:30:05","slug":"la-primera-convencion-internacional-de-flautas-en-mexico-inicia-su-periodo-de-inscripcion","status":"publish","type":"post","link":"http:\/\/staging.ibermusicas.org\/index.php\/la-primera-convencion-internacional-de-flautas-en-mexico-inicia-su-periodo-de-inscripcion\/","title":{"rendered":"La Primera Convenci\u00f3n Internacional de Flautas en M\u00e9xico inicia su per\u00edodo de inscripci\u00f3n"},"content":{"rendered":"<p>La Primera Convenci\u00f3n Internacional de Flauta en M\u00e9xico, se llevar\u00e1 a cabo en el Instituto Superior de M\u00fasica del Estado de Veracruz del 31 de julio al 4 de agosto del 2025. Artistas de gran trayectoria a nivel nacional e internacional estar\u00e1n compartiendo sus saberes con estudiantes de todos los grados, as\u00ed como con j\u00f3venes profesionales que desean crecer como artistas. As\u00ed mismo, habr\u00e1 talleres b\u00e1sicos de reparaci\u00f3n y construcci\u00f3n de flautas.<\/p>\n<p>Las actividades que se desarrollar\u00e1n durante estos d\u00edas son:<\/p>\n<ul>\n<li>Clase magistral: proceso did\u00e1ctico, secuencial y tem\u00e1tico para ense\u00f1ar a los participantes ciertas habilidades y transferir experiencia y conocimiento profesional.<\/li>\n<li>Paneles y conferencias: las ponencias tienen como objetivo ofrecer a los estudiantes mejores formas de estudio para visualizar el horizonte de expectativas del \u00e1rea musical, as\u00ed como la proyecci\u00f3n de su carrera, consejos y alternativas de soluci\u00f3n a determinados problemas t\u00e9cnicos con base en la experiencia de grandes maestros invitados.<\/li>\n<li>Taller infantil: Dise\u00f1ado para ni\u00f1os de 6 a 12 a\u00f1os, con diversas actividades guiadas por maestros expertos; se basan en un enfoque l\u00fadico que resulte significativo para los ni\u00f1os.<\/li>\n<li>Taller de fluteboxing: impartido por Greg Pattillo, considerado el padre del beatbox en la flauta. Est\u00e1 dirigido a flautistas de todos los niveles.<\/li>\n<li>Taller de jazz e improvisaci\u00f3n: impartido por dos grandes m\u00fasicos latinoamericanos: N\u00e9stor Torres y Orlando Valle, dirigido a todos aquellos interesados en este estilo, con o sin experiencia.<\/li>\n<li>Clase grupal: impartida a un grupo de varios instrumentistas para, todos juntos, experimentar los conceptos t\u00e9cnicos o art\u00edsticos que va dictando el maestro, incluye una secci\u00f3n de preguntas.<\/li>\n<li>Taller de luther\u00eda: Impartido por dos conocidos lutieres, ser\u00e1 introductorio para aquellos que deseen conocer sobre la reparaci\u00f3n de instrumentos, as\u00ed como del proceso de dise\u00f1o, elaboraci\u00f3n y estructura de los mismos, que implican nociones de f\u00edsica y otras \u00e1reas.<\/li>\n<\/ul>\n<p>M\u00e1s informaci\u00f3n en: <a href=\"http:\/\/www.anfmex.org\">www.anfmex.org<\/a><\/p>\n","protected":false},"excerpt":{"rendered":"<p>La Primera Convenci\u00f3n Internacional de Flauta en M\u00e9xico, se llevar\u00e1 a cabo en el Instituto Superior de M\u00fasica del Estado de Veracruz del 31 de julio al 4 de agosto del 2025. Artistas de gran trayectoria a nivel nacional e internacional estar\u00e1n compartiendo sus saberes con estudiantes de todos los grados, as\u00ed como con j\u00f3venes [&hellip;]<\/p>\n","protected":false},"author":7,"featured_media":21036,"comment_status":"closed","ping_status":"closed","sticky":false,"template":"","format":"standard","meta":{"footnotes":""},"categories":[53],"tags":[],"class_list":["post-21035","post","type-post","status-publish","format-standard","has-post-thumbnail","hentry","category-noticias-generales"],"lang":"es","translations":{"es":21035,"pt":21038},"pll_sync_post":[],"post_mailing_queue_ids":[],"_links":{"self":[{"href":"http:\/\/staging.ibermusicas.org\/index.php\/wp-json\/wp\/v2\/posts\/21035","targetHints":{"allow":["GET"]}}],"collection":[{"href":"http:\/\/staging.ibermusicas.org\/index.php\/wp-json\/wp\/v2\/posts"}],"about":[{"href":"http:\/\/staging.ibermusicas.org\/index.php\/wp-json\/wp\/v2\/types\/post"}],"author":[{"embeddable":true,"href":"http:\/\/staging.ibermusicas.org\/index.php\/wp-json\/wp\/v2\/users\/7"}],"replies":[{"embeddable":true,"href":"http:\/\/staging.ibermusicas.org\/index.php\/wp-json\/wp\/v2\/comments?post=21035"}],"version-history":[{"count":1,"href":"http:\/\/staging.ibermusicas.org\/index.php\/wp-json\/wp\/v2\/posts\/21035\/revisions"}],"predecessor-version":[{"id":21037,"href":"http:\/\/staging.ibermusicas.org\/index.php\/wp-json\/wp\/v2\/posts\/21035\/revisions\/21037"}],"wp:featuredmedia":[{"embeddable":true,"href":"http:\/\/staging.ibermusicas.org\/index.php\/wp-json\/wp\/v2\/media\/21036"}],"wp:attachment":[{"href":"http:\/\/staging.ibermusicas.org\/index.php\/wp-json\/wp\/v2\/media?parent=21035"}],"wp:term":[{"taxonomy":"category","embeddable":true,"href":"http:\/\/staging.ibermusicas.org\/index.php\/wp-json\/wp\/v2\/categories?post=21035"},{"taxonomy":"post_tag","embeddable":true,"href":"http:\/\/staging.ibermusicas.org\/index.php\/wp-json\/wp\/v2\/tags?post=21035"}],"curies":[{"name":"wp","href":"https:\/\/api.w.org\/{rel}","templated":true}]}}