{"id":21038,"date":"2024-12-27T19:07:32","date_gmt":"2024-12-27T19:07:32","guid":{"rendered":"http:\/\/staging.ibermusicas.org\/?p=21038"},"modified":"2025-02-27T16:41:44","modified_gmt":"2025-02-27T16:41:44","slug":"a-primeira-convencao-internacional-de-flauta-no-mexico-inicia-o-periodo-de-inscricoes","status":"publish","type":"post","link":"http:\/\/staging.ibermusicas.org\/index.php\/a-primeira-convencao-internacional-de-flauta-no-mexico-inicia-o-periodo-de-inscricoes\/","title":{"rendered":"A Primeira Conven\u00e7\u00e3o Internacional de Flauta no M\u00e9xico inicia o per\u00edodo de inscri\u00e7\u00f5es"},"content":{"rendered":"<p>A Primeira Conven\u00e7\u00e3o Internacional de Flauta do M\u00e9xico ser\u00e1 realizada no Instituto Superior de M\u00fasica do Estado de Veracruz de 31 de julho a 4 de agosto de 2025. Artistas de grande trajet\u00f3ria nacional e internacional compartilhar\u00e3o seus conhecimentos com estudantes de todos os graus, bem como com jovens profissionais que desejam crescer como artistas. Haver\u00e1 tamb\u00e9m oficinas b\u00e1sicas de reparo e constru\u00e7\u00e3o de flautas.<\/p>\n<p>&nbsp;<\/p>\n<p>As atividades que ocorrer\u00e3o durante esses dias s\u00e3o:<\/p>\n<p>&nbsp;<\/p>\n<ul>\n<li>Masterclass: processo did\u00e1tico, sequencial e tem\u00e1tico para ensinar aos participantes determinadas habilidades e transferir experi\u00eancia e conhecimento profissional.<\/li>\n<li>Pain\u00e9is e palestras: as palestras t\u00eam como objetivo oferecer aos alunos melhores formas de estudo para visualizar o horizonte de expectativas na \u00e1rea musical, bem como a proje\u00e7\u00e3o de sua carreira, conselhos e solu\u00e7\u00f5es alternativas para determinados problemas t\u00e9cnicos com base na experi\u00eancia de grandes mestres convidados.<\/li>\n<li>Oficina infantil: Destinada a crian\u00e7as de 6 a 12 anos, com diversas atividades orientadas por professores especializados; baseada em uma abordagem l\u00fadica e significativa para as crian\u00e7as.<\/li>\n<li>Workshop de Fluteboxing: ministrado por Greg Pattillo, considerado o pai do beatboxing na flauta. Destina-se a flautistas de todos os n\u00edveis.<\/li>\n<li>Workshop de jazz e improvisa\u00e7\u00e3o: ministrado por dois grandes m\u00fasicos latino-americanos: N\u00e9stor Torres e Orlando Valle, destinado a todos os interessados nesse estilo, com ou sem experi\u00eancia.<\/li>\n<li>Aula em grupo: ministrada a um grupo de v\u00e1rios instrumentistas para experimentar juntos os conceitos t\u00e9cnicos ou art\u00edsticos ditados pelo professor, incluindo uma se\u00e7\u00e3o para perguntas.<\/li>\n<li>Workshop de luthieria: ministrado por dois luthiers renomados, ser\u00e1 um workshop introdut\u00f3rio para aqueles que desejam aprender sobre reparo de instrumentos, bem como o processo de design, elabora\u00e7\u00e3o e estrutura de instrumentos, que envolve no\u00e7\u00f5es de f\u00edsica e outras \u00e1reas.<\/li>\n<\/ul>\n<p>&nbsp;<\/p>\n<p>Mais informa\u00e7\u00f5es em: <a href=\"http:\/\/www.anfmex.org\">www.anfmex.org<\/a><\/p>\n","protected":false},"excerpt":{"rendered":"<p>A Primeira Conven\u00e7\u00e3o Internacional de Flauta do M\u00e9xico ser\u00e1 realizada no Instituto Superior de M\u00fasica do Estado de Veracruz de 31 de julho a 4 de agosto de 2025. Artistas de grande trajet\u00f3ria nacional e internacional compartilhar\u00e3o seus conhecimentos com estudantes de todos os graus, bem como com jovens profissionais que desejam crescer como artistas. [&hellip;]<\/p>\n","protected":false},"author":7,"featured_media":21036,"comment_status":"closed","ping_status":"closed","sticky":false,"template":"","format":"standard","meta":{"footnotes":""},"categories":[218],"tags":[],"class_list":["post-21038","post","type-post","status-publish","format-standard","has-post-thumbnail","hentry","category-noticias-generales-pt"],"lang":"pt","translations":{"pt":21038,"es":21035},"pll_sync_post":[],"post_mailing_queue_ids":[],"_links":{"self":[{"href":"http:\/\/staging.ibermusicas.org\/index.php\/wp-json\/wp\/v2\/posts\/21038","targetHints":{"allow":["GET"]}}],"collection":[{"href":"http:\/\/staging.ibermusicas.org\/index.php\/wp-json\/wp\/v2\/posts"}],"about":[{"href":"http:\/\/staging.ibermusicas.org\/index.php\/wp-json\/wp\/v2\/types\/post"}],"author":[{"embeddable":true,"href":"http:\/\/staging.ibermusicas.org\/index.php\/wp-json\/wp\/v2\/users\/7"}],"replies":[{"embeddable":true,"href":"http:\/\/staging.ibermusicas.org\/index.php\/wp-json\/wp\/v2\/comments?post=21038"}],"version-history":[{"count":1,"href":"http:\/\/staging.ibermusicas.org\/index.php\/wp-json\/wp\/v2\/posts\/21038\/revisions"}],"predecessor-version":[{"id":21039,"href":"http:\/\/staging.ibermusicas.org\/index.php\/wp-json\/wp\/v2\/posts\/21038\/revisions\/21039"}],"wp:featuredmedia":[{"embeddable":true,"href":"http:\/\/staging.ibermusicas.org\/index.php\/wp-json\/wp\/v2\/media\/21036"}],"wp:attachment":[{"href":"http:\/\/staging.ibermusicas.org\/index.php\/wp-json\/wp\/v2\/media?parent=21038"}],"wp:term":[{"taxonomy":"category","embeddable":true,"href":"http:\/\/staging.ibermusicas.org\/index.php\/wp-json\/wp\/v2\/categories?post=21038"},{"taxonomy":"post_tag","embeddable":true,"href":"http:\/\/staging.ibermusicas.org\/index.php\/wp-json\/wp\/v2\/tags?post=21038"}],"curies":[{"name":"wp","href":"https:\/\/api.w.org\/{rel}","templated":true}]}}