{"id":21040,"date":"2024-12-27T19:08:47","date_gmt":"2024-12-27T19:08:47","guid":{"rendered":"http:\/\/staging.ibermusicas.org\/?p=21040"},"modified":"2025-02-27T16:29:47","modified_gmt":"2025-02-27T16:29:47","slug":"la-investigadora-argentina-luisina-ines-garcia-inicia-su-residencia-de-investigacion-sobre-la-formacion-musical-del-compositor-argentino-julian-aguirre","status":"publish","type":"post","link":"http:\/\/staging.ibermusicas.org\/index.php\/la-investigadora-argentina-luisina-ines-garcia-inicia-su-residencia-de-investigacion-sobre-la-formacion-musical-del-compositor-argentino-julian-aguirre\/","title":{"rendered":"La investigadora argentina Luisina In\u00e9s Garc\u00eda inicia su Residencia de Investigaci\u00f3n sobre la formaci\u00f3n musical del compositor argentino Juli\u00e1n Aguirre"},"content":{"rendered":"<p>La investigadora argentina Luisina In\u00e9s Garc\u00eda realizar\u00e1 una viaje de estudios de seis semanas para investigar la vida y educaci\u00f3n musical del compositor argentino Juli\u00e1n Aguirre (1868-1924), la cual tuvo lugar en Madrid a finales del siglo XIX. La historia musical hispanoamericana ubica a este compositor dentro de los fundadores de un arte nacional argentino, pero poco conoce sobre la formaci\u00f3n en Espa\u00f1a de este m\u00fasico.<\/p>\n<p>&nbsp;<\/p>\n<p>La propuesta surge de la necesidad de un trabajo documental que examine fuentes primarias para conocer esta etapa inexplorada en la vida de Aguirre, as\u00ed como del rastreo de v\u00ednculos e influencias musicales y pedag\u00f3gico-musicales entre Espa\u00f1a y Argentina a comienzos del siglo XX.<\/p>\n<p>&nbsp;<\/p>\n<p>Partiendo de la b\u00fasqueda en archivos y repositorios espa\u00f1oles (en Madrid y Barcelona), Luisina Garc\u00eda buscar\u00e1 anticipar ciertos resultados investigativos en clases colaborativas con especialistas en m\u00fasica espa\u00f1ola e hispanoamericana, a modo de propiciar un intercambio acad\u00e9mico que ampl\u00ede el estado de conocimiento sobre los entrecruces musicales transatl\u00e1nticos.<\/p>\n<p>&nbsp;<\/p>\n<p>Las principales actividades contemplan la b\u00fasqueda documental en el Archivo hist\u00f3rico-administrativo y en la Biblioteca del Real Conservatorio Superior de M\u00fasica de Madrid (instituci\u00f3n donde se form\u00f3 Juli\u00e1n Aguirre), as\u00ed como en otros repositorios que puedan aportar informaci\u00f3n sobre la vida espa\u00f1ola y los v\u00ednculos del compositor, como la Biblioteca Nacional de Espa\u00f1a, Biblioteca Hist\u00f3rica Municipal del Ayuntamiento de Madrid, Biblioteca de Catalunya, Museu de la M\u00fasica de Barcelona, entre otros.<\/p>\n<p>&nbsp;<\/p>\n<p>La investigadora tambi\u00e9n dictar\u00e1 una clase\/charla abierta en el Real Conservatorio Superior de M\u00fasica de Madrid sobre lo indagado en el archivo y la influencia de la educaci\u00f3n espa\u00f1ola en Argentina, a trav\u00e9s de la figura de Juli\u00e1n Aguirre. Otra actividad educativa tendr\u00e1 lugar en la Universidad de Glasgow, Escocia, en el seminario \u201cCurrent issues in Musicology\u201d, del M\u00e1ster en Musicolog\u00eda (MMus in Musicology). All\u00ed, el trabajo con las music\u00f3logas especialistas en m\u00fasica argentina y espa\u00f1ola,\u00a0 Vera Wolkowicz y Eva Moreda Rodr\u00edguez, ser\u00e1 de sumo valor, no solo por las trayectorias de las investigadoras, sino por propiciar un intercambio entre mujeres en la academia, hecho que visibiliza sus aportes en dicho \u00e1mbito.<\/p>\n<p>&nbsp;<\/p>\n<p>Luisina Garc\u00eda es Licenciada y Profesora Superior en Artes, Orientaci\u00f3n M\u00fasica, por la Facultad de Filosof\u00eda y Letras de la Universidad de Buenos Aires y doctoranda en Historia y Teor\u00eda de las Artes en la misma casa de estudios. Becaria CONICET desde abril de 2021. Fue Becaria UBACyT de Est\u00edmulo en el per\u00edodo 2017-2019, con un proyecto referido a canciones escolares del compositor argentino Juli\u00e1n Aguirre y Becaria UBACyT de Doctorado entre enero y marzo de 2021. Entre 2017 y 2020 fue Adscripta a la c\u00e1tedra Psicolog\u00eda Auditiva, de la carrera de Artes de la Facultad de Filosof\u00eda y Letras (UBA) y actualmente se desempe\u00f1a como adscripta de la asignatura Historia de la M\u00fasica &#8211; Am\u00e9rica Latina y Argentina siglos XVI-XXI. Ha expuesto en congresos especializados en Argentina (UNL, UNLP, UBA) y en eventos acad\u00e9micos internacionales (ARLAC-IMS, Universit\u00e0 di Pavia). Ha publicado algunos de sus primeros resultados investigativos en formato de art\u00edculos en revistas acad\u00e9micas y cap\u00edtulos de libros, en Argentina, Ecuador y Venezuela. Integr\u00f3 un proyecto UBACyT de la programaci\u00f3n 2016-2019 y actualmente forma parte de los proyectos \u201cHistorias socioculturales del acontecer musical de la Argentina\u00bb (UBACyT) y \u201cM\u00fasicas acad\u00e9micas a trav\u00e9s de la prensa latinoamericana (1900-1950)\u201d (FILOCyT). Es miembro activa de la Asociaci\u00f3n Argentina de Musicolog\u00eda e integrante del comit\u00e9 editorial de la Revista Argentina de Musicolog\u00eda.<\/p>\n<p>&nbsp;<\/p>\n<p>Este trabajo de investigaci\u00f3n de Luisina In\u00e9s Garc\u00eda es posible gracias al apoyo de Iberm\u00fasicas mediante su l\u00ednea de \u201cAyuda a artistas e investigadores para residencias\u201d, convocatoria 2024.<\/p>\n<p>&nbsp;<\/p>\n<p>&nbsp;<\/p>\n<ul>\n<li>Del 13 de enero al 19 de febrero en Madrid, Barcelona y Camprodon (Espa\u00f1a) y Glasgow (Escocia)<\/li>\n<\/ul>\n","protected":false},"excerpt":{"rendered":"<p>La investigadora argentina Luisina In\u00e9s Garc\u00eda realizar\u00e1 una viaje de estudios de seis semanas para investigar la vida y educaci\u00f3n musical del compositor argentino Juli\u00e1n Aguirre (1868-1924), la cual tuvo lugar en Madrid a finales del siglo XIX. La historia musical hispanoamericana ubica a este compositor dentro de los fundadores de un arte nacional argentino, [&hellip;]<\/p>\n","protected":false},"author":7,"featured_media":21041,"comment_status":"closed","ping_status":"closed","sticky":false,"template":"","format":"standard","meta":{"footnotes":""},"categories":[53],"tags":[],"class_list":["post-21040","post","type-post","status-publish","format-standard","has-post-thumbnail","hentry","category-noticias-generales"],"lang":"es","translations":{"es":21040,"pt":21043},"pll_sync_post":[],"post_mailing_queue_ids":[],"_links":{"self":[{"href":"http:\/\/staging.ibermusicas.org\/index.php\/wp-json\/wp\/v2\/posts\/21040","targetHints":{"allow":["GET"]}}],"collection":[{"href":"http:\/\/staging.ibermusicas.org\/index.php\/wp-json\/wp\/v2\/posts"}],"about":[{"href":"http:\/\/staging.ibermusicas.org\/index.php\/wp-json\/wp\/v2\/types\/post"}],"author":[{"embeddable":true,"href":"http:\/\/staging.ibermusicas.org\/index.php\/wp-json\/wp\/v2\/users\/7"}],"replies":[{"embeddable":true,"href":"http:\/\/staging.ibermusicas.org\/index.php\/wp-json\/wp\/v2\/comments?post=21040"}],"version-history":[{"count":1,"href":"http:\/\/staging.ibermusicas.org\/index.php\/wp-json\/wp\/v2\/posts\/21040\/revisions"}],"predecessor-version":[{"id":21042,"href":"http:\/\/staging.ibermusicas.org\/index.php\/wp-json\/wp\/v2\/posts\/21040\/revisions\/21042"}],"wp:featuredmedia":[{"embeddable":true,"href":"http:\/\/staging.ibermusicas.org\/index.php\/wp-json\/wp\/v2\/media\/21041"}],"wp:attachment":[{"href":"http:\/\/staging.ibermusicas.org\/index.php\/wp-json\/wp\/v2\/media?parent=21040"}],"wp:term":[{"taxonomy":"category","embeddable":true,"href":"http:\/\/staging.ibermusicas.org\/index.php\/wp-json\/wp\/v2\/categories?post=21040"},{"taxonomy":"post_tag","embeddable":true,"href":"http:\/\/staging.ibermusicas.org\/index.php\/wp-json\/wp\/v2\/tags?post=21040"}],"curies":[{"name":"wp","href":"https:\/\/api.w.org\/{rel}","templated":true}]}}