{"id":21043,"date":"2024-12-27T19:12:33","date_gmt":"2024-12-27T19:12:33","guid":{"rendered":"http:\/\/staging.ibermusicas.org\/?p=21043"},"modified":"2025-02-27T16:41:37","modified_gmt":"2025-02-27T16:41:37","slug":"a-pesquisadora-argentina-luisina-ines-garcia-inicia-sua-residencia-de-pesquisa-sobre-a-educacao-musical-do-compositor-argentino-julian-aguirre","status":"publish","type":"post","link":"http:\/\/staging.ibermusicas.org\/index.php\/a-pesquisadora-argentina-luisina-ines-garcia-inicia-sua-residencia-de-pesquisa-sobre-a-educacao-musical-do-compositor-argentino-julian-aguirre\/","title":{"rendered":"A pesquisadora argentina Luisina In\u00e9s Garc\u00eda inicia sua Resid\u00eancia de Pesquisa sobre a educa\u00e7\u00e3o musical do compositor argentino Juli\u00e1n Aguirre"},"content":{"rendered":"<p>A pesquisadora argentina Luisina In\u00e9s Garc\u00eda realizar\u00e1 uma viagem de estudos de seis semanas para investigar a vida e a educa\u00e7\u00e3o musical do compositor argentino Juli\u00e1n Aguirre (1868-1924), ocorrida em Madri no final do s\u00e9culo XIX. A hist\u00f3ria musical hispano-americana coloca esse compositor entre os fundadores de uma arte nacional argentina, mas pouco se sabe sobre a forma\u00e7\u00e3o do m\u00fasico na Espanha.<\/p>\n<p>&nbsp;<\/p>\n<p>A proposta surge da necessidade de um trabalho documental que examine fontes prim\u00e1rias para conhecer essa etapa inexplorada da vida de Aguirre, bem como para tra\u00e7ar os v\u00ednculos e as influ\u00eancias musicais e pedag\u00f3gico-musicais entre a Espanha e a Argentina no in\u00edcio do s\u00e9culo XX.<\/p>\n<p>&nbsp;<\/p>\n<p>Come\u00e7ando com a pesquisa em arquivos e reposit\u00f3rios espanh\u00f3is (em Madri e Barcelona), Luisina Garc\u00eda procurar\u00e1 antecipar certos resultados da pesquisa em aulas colaborativas com especialistas em m\u00fasica espanhola e latino-americana, a fim de promover um interc\u00e2mbio acad\u00eamico que ampliar\u00e1 o estado do conhecimento sobre os cruzamentos musicais transatl\u00e2nticos.<\/p>\n<p>&nbsp;<\/p>\n<p>As principais atividades incluem pesquisa documental no arquivo hist\u00f3rico-administrativo e na biblioteca do Real Conservat\u00f3rio Superior de M\u00fasica de Madrid (institui\u00e7\u00e3o onde Juli\u00e1n Aguirre se formou), bem como em outros reposit\u00f3rios que possam fornecer informa\u00e7\u00f5es sobre a vida espanhola e os v\u00ednculos do compositor, como a Biblioteca Nacional de Espa\u00f1a, Biblioteca Hist\u00f3rica Municipal del Ayuntamiento de Madrid, Biblioteca de Catalunya, Museu de la M\u00fasica de Barcelona, entre outros.<\/p>\n<p>&nbsp;<\/p>\n<p>A pesquisadora tamb\u00e9m dar\u00e1 uma palestra aberta no Real Conservat\u00f3rio Superior de M\u00fasica de Madri sobre o que pesquisou no arquivo e a influ\u00eancia da educa\u00e7\u00e3o espanhola na Argentina, por meio da figura de Juli\u00e1n Aguirre. Outra atividade educacional ocorrer\u00e1 na Universidade de Glasgow, na Esc\u00f3cia, no semin\u00e1rio \u201cCurrent issues in Musicology\u201d, do Mestrado em Musicologia (MMus in Musicology). L\u00e1, o trabalho com as music\u00f3logas especializadas em m\u00fasica argentina e espanhola, Vera Wolkowicz e Eva Moreda Rodr\u00edguez, ser\u00e1 de grande valor, n\u00e3o s\u00f3 pela forma\u00e7\u00e3o das pesquisadoras, mas tamb\u00e9m porque promover\u00e1 um interc\u00e2mbio entre mulheres no meio acad\u00eamico, o que tornar\u00e1 mais vis\u00edveis suas contribui\u00e7\u00f5es nesse campo.<\/p>\n<p>&nbsp;<\/p>\n<p>Luisina Garc\u00eda \u00e9 bacharel e licenciada em Artes, M\u00fasica, pela Faculdade de Filosofia e Letras da Universidade de Buenos Aires e \u00e9 doutoranda em Hist\u00f3ria e Teoria das Artes na mesma universidade. Bolsista do CONICET desde abril de 2021. Foi bolsista de est\u00edmulo da UBACyT no per\u00edodo 2017-2019, com um projeto sobre can\u00e7\u00f5es escolares do compositor argentino Juli\u00e1n Aguirre, e bolsista de doutorado da UBACyT entre janeiro e mar\u00e7o de 2021. Entre 2017 e 2020 foi Professora Associada de Psicologia Auditiva na Faculdade de Letras da Faculdade de Filosofia e Letras (UBA) e atualmente \u00e9 Professora Associada da disciplina Hist\u00f3ria da M\u00fasica &#8211; Am\u00e9rica Latina e Argentina s\u00e9culos XVI-XXI. Apresentou-se em confer\u00eancias especializadas na Argentina (UNL, UNLP, UBA) e em eventos acad\u00eamicos internacionais (ARLAC-IMS, Universit\u00e0 di Pavia). Publicou alguns de seus primeiros resultados de pesquisa como artigos em revistas acad\u00eamicas e cap\u00edtulos de livros na Argentina, Equador e Venezuela. Fez parte de um projeto UBACyT do programa 2016-2019 e atualmente faz parte dos projetos \u201cHist\u00f3rias socioculturais de eventos musicais na Argentina\u201d (UBACyT) e \u201cM\u00fasicas acad\u00eamicas atrav\u00e9s da imprensa latino-americana (1900-1950)\u201d (FILOCyT). Ela \u00e9 membro ativo da Associa\u00e7\u00e3o Argentina de Musicologia e membro do conselho editorial da Revista Argentina de Musicologia.<\/p>\n<p>&nbsp;<\/p>\n<p>Este trabalho de pesquisa de Luisina In\u00e9s Garc\u00eda \u00e9 poss\u00edvel gra\u00e7as ao apoio do Programa Iberm\u00fasicas atrav\u00e9s de sua linha de \u201cApoio a artistas e pesquisadores para resid\u00eancias\u201d, convocat\u00f3ria 2024.<\/p>\n<p>&nbsp;<\/p>\n<p>&nbsp;<\/p>\n<ul>\n<li>De 13 de janeiro a 19 de fevereiro em Madri, Barcelona e Camprodon (Espanha) e Glasgow (Esc\u00f3cia).<\/li>\n<\/ul>\n","protected":false},"excerpt":{"rendered":"<p>A pesquisadora argentina Luisina In\u00e9s Garc\u00eda realizar\u00e1 uma viagem de estudos de seis semanas para investigar a vida e a educa\u00e7\u00e3o musical do compositor argentino Juli\u00e1n Aguirre (1868-1924), ocorrida em Madri no final do s\u00e9culo XIX. A hist\u00f3ria musical hispano-americana coloca esse compositor entre os fundadores de uma arte nacional argentina, mas pouco se sabe [&hellip;]<\/p>\n","protected":false},"author":7,"featured_media":21041,"comment_status":"closed","ping_status":"closed","sticky":false,"template":"","format":"standard","meta":{"footnotes":""},"categories":[218],"tags":[],"class_list":["post-21043","post","type-post","status-publish","format-standard","has-post-thumbnail","hentry","category-noticias-generales-pt"],"lang":"pt","translations":{"pt":21043,"es":21040},"pll_sync_post":[],"post_mailing_queue_ids":[],"_links":{"self":[{"href":"http:\/\/staging.ibermusicas.org\/index.php\/wp-json\/wp\/v2\/posts\/21043","targetHints":{"allow":["GET"]}}],"collection":[{"href":"http:\/\/staging.ibermusicas.org\/index.php\/wp-json\/wp\/v2\/posts"}],"about":[{"href":"http:\/\/staging.ibermusicas.org\/index.php\/wp-json\/wp\/v2\/types\/post"}],"author":[{"embeddable":true,"href":"http:\/\/staging.ibermusicas.org\/index.php\/wp-json\/wp\/v2\/users\/7"}],"replies":[{"embeddable":true,"href":"http:\/\/staging.ibermusicas.org\/index.php\/wp-json\/wp\/v2\/comments?post=21043"}],"version-history":[{"count":1,"href":"http:\/\/staging.ibermusicas.org\/index.php\/wp-json\/wp\/v2\/posts\/21043\/revisions"}],"predecessor-version":[{"id":21044,"href":"http:\/\/staging.ibermusicas.org\/index.php\/wp-json\/wp\/v2\/posts\/21043\/revisions\/21044"}],"wp:featuredmedia":[{"embeddable":true,"href":"http:\/\/staging.ibermusicas.org\/index.php\/wp-json\/wp\/v2\/media\/21041"}],"wp:attachment":[{"href":"http:\/\/staging.ibermusicas.org\/index.php\/wp-json\/wp\/v2\/media?parent=21043"}],"wp:term":[{"taxonomy":"category","embeddable":true,"href":"http:\/\/staging.ibermusicas.org\/index.php\/wp-json\/wp\/v2\/categories?post=21043"},{"taxonomy":"post_tag","embeddable":true,"href":"http:\/\/staging.ibermusicas.org\/index.php\/wp-json\/wp\/v2\/tags?post=21043"}],"curies":[{"name":"wp","href":"https:\/\/api.w.org\/{rel}","templated":true}]}}