{"id":21045,"date":"2024-12-27T19:21:50","date_gmt":"2024-12-27T19:21:50","guid":{"rendered":"http:\/\/staging.ibermusicas.org\/?p=21045"},"modified":"2025-02-27T16:29:35","modified_gmt":"2025-02-27T16:29:35","slug":"el-gran-guitarrista-argentino-victor-villadangos-brindara-clases-magistrales-y-conciertos-en-el-septimo-campamento-de-guitarra-de-arbelaez-colombia","status":"publish","type":"post","link":"http:\/\/staging.ibermusicas.org\/index.php\/el-gran-guitarrista-argentino-victor-villadangos-brindara-clases-magistrales-y-conciertos-en-el-septimo-campamento-de-guitarra-de-arbelaez-colombia\/","title":{"rendered":"El gran guitarrista argentino V\u00edctor Villadangos brindar\u00e1 clases magistrales y conciertos en el S\u00e9ptimo Campamento de Guitarra de Arbel\u00e1ez, Colombia"},"content":{"rendered":"<p>Invitado a participar del S\u00e9ptimo Campamento de Guitarra de Arbel\u00e1ez, junto a otros grandes maestros y maestras de Colombia, M\u00e9xico, Paraguay, Per\u00fa y Venezuela, V\u00edctor Villadangos continuar\u00e1 all\u00ed su larga y profunda labor como destacado int\u00e9rprete de la guitarra y como uno de los m\u00e1s expertos docentes de este instrumento a nivel mundial. En su vasto recorrido art\u00edstico se ha destacado no s\u00f3lo por su calidad interpretativa, su depurad\u00edsima t\u00e9cnica y su impecable sonido, sino tambi\u00e9n por acercar los dos grandes mundos que hacen a la pr\u00e1ctica y al repertorio guitarr\u00edstico: el de la m\u00fasica acad\u00e9mica y el de la m\u00fasica popular.<\/p>\n<p>&nbsp;<\/p>\n<p>La comunidad guitarr\u00edstica colombiana podr\u00e1 volver a cultivar el intercambio de saberes, experiencias y conocimientos que resulta fundamental en la etapa de formaci\u00f3n de cualquier m\u00fasico. Estar en contacto con artistas de trayectoria y compartir sus experiencias de vida y los pormenores de su carrera, es un aporte enriquecedor para el crecimiento y desarrollo de las m\u00fasicas y los m\u00fasicos j\u00f3venes.<\/p>\n<p>&nbsp;<\/p>\n<p>El guitarrista argentino V\u00edctor Villadangos curs\u00f3 estudios bajo la direcci\u00f3n de la Profesora Mar\u00eda Herminia Antola de G\u00f3mez Crespo en el conservatorio \u00abJuan Jos\u00e9 Castro\u00bb, gradu\u00e1ndose como Profesor Superior de Guitarra. Posteriormente realiz\u00f3 cursos de perfeccionamiento con Eduardo Isaac.<\/p>\n<p>&nbsp;<\/p>\n<p>Desde 1980 realiza una intensa labor como solista e integrante de conjuntos de c\u00e1mara. Actu\u00f3 en Alemania, Austria, B\u00e9lgica, Brasil, Canad\u00e1, Chile, Estados Unidos, M\u00e9xico, Israel, Italia,\u00a0 Jap\u00f3n, Luxemburgo, Noruega, Suecia,\u00a0 Suiza, Colombia, Paraguay y Uruguay.<\/p>\n<p>&nbsp;<\/p>\n<p>Ha actuado como solista con la Orquesta Sinf\u00f3nica Nacional de Cuba, Orquesta Filarm\u00f3nica de Montevideo (Uruguay), Orquesta Sinf\u00f3nica de la Universidad Nacional de Cuyo, Orquesta Sinf\u00f3nica Juan de Dios Filiberto, Orquesta Sinf\u00f3nica Bridas, Orquesta de C\u00e1mara Mayo, Orquesta de C\u00e1mara de Mor\u00f3n, Orquesta de C\u00e1mara Scherzo, Orquesta de C\u00e1mara del Museo Romulo Raggio, \u00abArtis la peque\u00f1a orquesta\u00bb, Cuarteto de Cuerdas de la Universidad Nacional de La Plata, Cuarteto de Cuerdas de Buenos Aires.<\/p>\n<p>&nbsp;<\/p>\n<p>Veinticuatro discos compactos editados como solista sumados a su participaci\u00f3n en gran cantidad de producciones de m\u00fasica cl\u00e1sica y popular, son el testimonio de una fecunda tarea en estudios de grabaci\u00f3n, que incluye el registro de numerosas obras in\u00e9ditas hasta entonces.. En 2000 se incorpor\u00f3 al elenco de artistas que graban para el sello Naxos.<\/p>\n<p>&nbsp;<\/p>\n<p>Desde 1990 y hasta la fecha, ha dictado numerosos cursos y seminarios. En el a\u00f1o 1999 fue premiado por la Fundaci\u00f3n KONEX con el \u00abDiploma al M\u00e9rito\u00bb, por la labor art\u00edstica desarrollada durante la \u00faltima d\u00e9cada.<\/p>\n<p>&nbsp;<\/p>\n<p>El Maestro Villadangos concretar\u00e1 su presencia en el S\u00e9ptimo Campamento de Guitarra de Arbel\u00e1ez gracias al apoyo del Programa Iberm\u00fasicas mediante su l\u00ednea de \u201cAyuda a la circulaci\u00f3n de profesionales de la m\u00fasica\u201d, convocatoria 2024.<\/p>\n<p>&nbsp;<\/p>\n<p>13 al 19 de enero, S\u00e9ptimo Campamento de Guitarra, Arbel\u00e1ez, Cundinamarca, Colombia<\/p>\n","protected":false},"excerpt":{"rendered":"<p>Invitado a participar del S\u00e9ptimo Campamento de Guitarra de Arbel\u00e1ez, junto a otros grandes maestros y maestras de Colombia, M\u00e9xico, Paraguay, Per\u00fa y Venezuela, V\u00edctor Villadangos continuar\u00e1 all\u00ed su larga y profunda labor como destacado int\u00e9rprete de la guitarra y como uno de los m\u00e1s expertos docentes de este instrumento a nivel mundial. En su [&hellip;]<\/p>\n","protected":false},"author":7,"featured_media":21046,"comment_status":"closed","ping_status":"closed","sticky":false,"template":"","format":"standard","meta":{"footnotes":""},"categories":[53],"tags":[],"class_list":["post-21045","post","type-post","status-publish","format-standard","has-post-thumbnail","hentry","category-noticias-generales"],"lang":"es","translations":{"es":21045,"pt":21048},"pll_sync_post":[],"post_mailing_queue_ids":[],"_links":{"self":[{"href":"http:\/\/staging.ibermusicas.org\/index.php\/wp-json\/wp\/v2\/posts\/21045","targetHints":{"allow":["GET"]}}],"collection":[{"href":"http:\/\/staging.ibermusicas.org\/index.php\/wp-json\/wp\/v2\/posts"}],"about":[{"href":"http:\/\/staging.ibermusicas.org\/index.php\/wp-json\/wp\/v2\/types\/post"}],"author":[{"embeddable":true,"href":"http:\/\/staging.ibermusicas.org\/index.php\/wp-json\/wp\/v2\/users\/7"}],"replies":[{"embeddable":true,"href":"http:\/\/staging.ibermusicas.org\/index.php\/wp-json\/wp\/v2\/comments?post=21045"}],"version-history":[{"count":1,"href":"http:\/\/staging.ibermusicas.org\/index.php\/wp-json\/wp\/v2\/posts\/21045\/revisions"}],"predecessor-version":[{"id":21047,"href":"http:\/\/staging.ibermusicas.org\/index.php\/wp-json\/wp\/v2\/posts\/21045\/revisions\/21047"}],"wp:featuredmedia":[{"embeddable":true,"href":"http:\/\/staging.ibermusicas.org\/index.php\/wp-json\/wp\/v2\/media\/21046"}],"wp:attachment":[{"href":"http:\/\/staging.ibermusicas.org\/index.php\/wp-json\/wp\/v2\/media?parent=21045"}],"wp:term":[{"taxonomy":"category","embeddable":true,"href":"http:\/\/staging.ibermusicas.org\/index.php\/wp-json\/wp\/v2\/categories?post=21045"},{"taxonomy":"post_tag","embeddable":true,"href":"http:\/\/staging.ibermusicas.org\/index.php\/wp-json\/wp\/v2\/tags?post=21045"}],"curies":[{"name":"wp","href":"https:\/\/api.w.org\/{rel}","templated":true}]}}