{"id":21048,"date":"2024-12-27T19:23:29","date_gmt":"2024-12-27T19:23:29","guid":{"rendered":"http:\/\/staging.ibermusicas.org\/?p=21048"},"modified":"2025-02-27T16:41:28","modified_gmt":"2025-02-27T16:41:28","slug":"o-grande-violonista-argentino-victor-villadangos-dara-masterclasses-e-concertos-no-setimo-acampamento-de-violao-em-arbelaez-colombia","status":"publish","type":"post","link":"http:\/\/staging.ibermusicas.org\/index.php\/o-grande-violonista-argentino-victor-villadangos-dara-masterclasses-e-concertos-no-setimo-acampamento-de-violao-em-arbelaez-colombia\/","title":{"rendered":"O grande violonista argentino V\u00edctor Villadangos dar\u00e1 masterclasses e concertos no S\u00e9timo Acampamento de Viol\u00e3o em Arbel\u00e1ez, Col\u00f4mbia"},"content":{"rendered":"<p>Convidado a participar do S\u00e9timo Acampamento de Viol\u00e3o de Arbel\u00e1ez, juntamente com outros grandes mestres e professores da Col\u00f4mbia, M\u00e9xico, Paraguai, Peru e Venezuela, V\u00edctor Villadangos dar\u00e1 continuidade ao seu longo e profundo trabalho como violonista de destaque e como um dos professores mais experientes desse instrumento em todo o mundo. Em sua vasta carreira art\u00edstica, ele se destacou n\u00e3o apenas por sua qualidade interpretativa, sua t\u00e9cnica extremamente refinada e seu som impec\u00e1vel, mas tamb\u00e9m por unir os dois grandes mundos da pr\u00e1tica e do repert\u00f3rio do viol\u00e3o: o da m\u00fasica acad\u00eamica e o da m\u00fasica popular.<\/p>\n<p>&nbsp;<\/p>\n<p>A comunidade violon\u00edstica colombiana poder\u00e1, mais uma vez, cultivar a troca de conhecimentos, experi\u00eancias e saberes que \u00e9 fundamental na fase de forma\u00e7\u00e3o de qualquer m\u00fasico. Estar em contato com artistas com uma longa carreira e compartilhar suas experi\u00eancias de vida e os detalhes de suas carreiras \u00e9 uma contribui\u00e7\u00e3o enriquecedora para o crescimento e o desenvolvimento de jovens m\u00fasicos.<\/p>\n<p>&nbsp;<\/p>\n<p>O violonista argentino V\u00edctor Villadangos estudou sob a dire\u00e7\u00e3o da professora Mar\u00eda Herminia Antola de G\u00f3mez Crespo no conservat\u00f3rio \u201cJuan Jos\u00e9 Castro\u201d, graduando-se como Professor Superior de Guitarra. Posteriormente, fez cursos avan\u00e7ados com Eduardo Isaac.<\/p>\n<p>&nbsp;<\/p>\n<p>Desde 1980, tem trabalhado intensamente como solista e membro de conjuntos de c\u00e2mara. Apresentou-se na Alemanha, \u00c1ustria, B\u00e9lgica, Brasil, Canad\u00e1, Chile, Estados Unidos, M\u00e9xico, Israel, It\u00e1lia, Jap\u00e3o, Luxemburgo, Noruega, Su\u00e9cia, Su\u00ed\u00e7a, Col\u00f4mbia, Paraguai e Uruguai.<\/p>\n<p>&nbsp;<\/p>\n<p>Apresentou-se como solista com a Orquesta Sinf\u00f3nica Nacional de Cuba, Orquesta Filarm\u00f3nica de Montevideo (Uruguai), Orquesta Sinf\u00f3nica de la Universidad Nacional de Cuyo, Orquesta Sinf\u00f3nica Juan de Dios Filiberto, Orquesta Sinf\u00f3nica Bridas, Orquesta de C\u00e1mara Mayo, Orquesta de C\u00e1mara de Mor\u00f3n, Orquesta de C\u00e1mara Scherzo, Orquesta de C\u00e1mara del Museo Romulo Raggio, \u201cArtis la peque\u00f1a orquesta\u201d, Cuarteto de Cuerdas de la Universidad Nacional de La Plata, Cuarteto de Cuerdas de Buenos Aires.<\/p>\n<p>&nbsp;<\/p>\n<p>Vinte e quatro discos compactos lan\u00e7ados como solista, al\u00e9m de sua participa\u00e7\u00e3o em um grande n\u00famero de produ\u00e7\u00f5es de m\u00fasica cl\u00e1ssica e popular, s\u00e3o o testemunho de um trabalho frut\u00edfero em est\u00fadios de grava\u00e7\u00e3o, que inclui a grava\u00e7\u00e3o de in\u00fameras obras in\u00e9ditas. Em 2000, ele entrou para a lista de artistas que gravam para o selo Naxos.<\/p>\n<p>De 1990 at\u00e9 os dias de hoje, ministrou v\u00e1rios cursos e semin\u00e1rios. Em 1999, recebeu o \u201cDiploma ao M\u00e9rito\u201d da Funda\u00e7\u00e3o KONEX por seu trabalho art\u00edstico durante a \u00faltima d\u00e9cada.<\/p>\n<p>&nbsp;<\/p>\n<p>O Maestro Villadangos estar\u00e1 presente no S\u00e9timo Acampamento de Viol\u00e3o Arbel\u00e1ez gra\u00e7as ao apoio do Programa Iberm\u00fasicas atrav\u00e9s de sua linha de \u201cApoio \u00e0 circula\u00e7\u00e3o de profissionais da m\u00fasica\u201d, chamada 2024.<\/p>\n<p>&nbsp;<\/p>\n<p>&nbsp;<\/p>\n<ul>\n<li>13 a 19 de janeiro, S\u00e9timo Acampamento de Viol\u00f5es, Arbel\u00e1ez, Cundinamarca, Col\u00f4mbia<\/li>\n<\/ul>\n","protected":false},"excerpt":{"rendered":"<p>Convidado a participar do S\u00e9timo Acampamento de Viol\u00e3o de Arbel\u00e1ez, juntamente com outros grandes mestres e professores da Col\u00f4mbia, M\u00e9xico, Paraguai, Peru e Venezuela, V\u00edctor Villadangos dar\u00e1 continuidade ao seu longo e profundo trabalho como violonista de destaque e como um dos professores mais experientes desse instrumento em todo o mundo. Em sua vasta carreira [&hellip;]<\/p>\n","protected":false},"author":7,"featured_media":21046,"comment_status":"closed","ping_status":"closed","sticky":false,"template":"","format":"standard","meta":{"footnotes":""},"categories":[218],"tags":[],"class_list":["post-21048","post","type-post","status-publish","format-standard","has-post-thumbnail","hentry","category-noticias-generales-pt"],"lang":"pt","translations":{"pt":21048,"es":21045},"pll_sync_post":[],"post_mailing_queue_ids":[],"_links":{"self":[{"href":"http:\/\/staging.ibermusicas.org\/index.php\/wp-json\/wp\/v2\/posts\/21048","targetHints":{"allow":["GET"]}}],"collection":[{"href":"http:\/\/staging.ibermusicas.org\/index.php\/wp-json\/wp\/v2\/posts"}],"about":[{"href":"http:\/\/staging.ibermusicas.org\/index.php\/wp-json\/wp\/v2\/types\/post"}],"author":[{"embeddable":true,"href":"http:\/\/staging.ibermusicas.org\/index.php\/wp-json\/wp\/v2\/users\/7"}],"replies":[{"embeddable":true,"href":"http:\/\/staging.ibermusicas.org\/index.php\/wp-json\/wp\/v2\/comments?post=21048"}],"version-history":[{"count":1,"href":"http:\/\/staging.ibermusicas.org\/index.php\/wp-json\/wp\/v2\/posts\/21048\/revisions"}],"predecessor-version":[{"id":21049,"href":"http:\/\/staging.ibermusicas.org\/index.php\/wp-json\/wp\/v2\/posts\/21048\/revisions\/21049"}],"wp:featuredmedia":[{"embeddable":true,"href":"http:\/\/staging.ibermusicas.org\/index.php\/wp-json\/wp\/v2\/media\/21046"}],"wp:attachment":[{"href":"http:\/\/staging.ibermusicas.org\/index.php\/wp-json\/wp\/v2\/media?parent=21048"}],"wp:term":[{"taxonomy":"category","embeddable":true,"href":"http:\/\/staging.ibermusicas.org\/index.php\/wp-json\/wp\/v2\/categories?post=21048"},{"taxonomy":"post_tag","embeddable":true,"href":"http:\/\/staging.ibermusicas.org\/index.php\/wp-json\/wp\/v2\/tags?post=21048"}],"curies":[{"name":"wp","href":"https:\/\/api.w.org\/{rel}","templated":true}]}}