{"id":21050,"date":"2024-12-27T19:31:24","date_gmt":"2024-12-27T19:31:24","guid":{"rendered":"http:\/\/staging.ibermusicas.org\/?p=21050"},"modified":"2025-02-27T16:29:27","modified_gmt":"2025-02-27T16:29:27","slug":"la-pianista-paraguaya-chiara-dodorico-llevara-a-cabo-una-nueva-gira-europea","status":"publish","type":"post","link":"http:\/\/staging.ibermusicas.org\/index.php\/la-pianista-paraguaya-chiara-dodorico-llevara-a-cabo-una-nueva-gira-europea\/","title":{"rendered":"La pianista paraguaya Chiara D\u2019Odorico llevar\u00e1 a cabo una nueva gira europea"},"content":{"rendered":"<p>Chiara D&#8217;Odorico, una de las pianistas sudamericanas m\u00e1s reconocidas a nivel internacional, llevar\u00e1 a cabo, con el apoyo de Iberm\u00fasicas, su Tour Europa 2025 durante el mes de enero presentando en Espa\u00f1a, Italia, Alemania y Austria.<\/p>\n<p>&nbsp;<\/p>\n<p>Sus Recitales de Piano presentan un cautivador contrapunto de estilos y compositores, destacando la riqueza y diversidad de las tradiciones musicales de Europa y de Latinoam\u00e9rica. Con el eje tem\u00e1tico \u201cDi\u00e1logos e igualdad entre la m\u00fasica paraguaya y la europea\u201d, estos conciertos buscan colocar la m\u00fasica paraguaya al mismo nivel que la europea, integr\u00e1ndola a trav\u00e9s de sus diferencias y similitudes.<\/p>\n<p>&nbsp;<\/p>\n<p>Muchas de las piezas incluidas en el programa tendr\u00e1n su estreno en Europa, consolidando el compromiso de la pianista con la difusi\u00f3n de repertorios in\u00e9ditos. Adem\u00e1s, su m\u00e1s reciente \u00e1lbum, \u201cA\u00f1oranza\u201d, presenta obras nunca antes grabadas que ahora se interpretar\u00e1n en vivo por primera vez en el continente europeo.<\/p>\n<p>&nbsp;<\/p>\n<p>En una secci\u00f3n especial del programa, dedicada a obras para piano a cuatro manos, contar\u00e1 con la participaci\u00f3n como artista invitado del pianista argentino David Lonardi, ampliando as\u00ed la dimensi\u00f3n y el di\u00e1logo art\u00edstico de esta gira.<\/p>\n<p>&nbsp;<\/p>\n<p>El tramo espa\u00f1ol de esta gira de Chiara D&#8217;Odorico, es posible gracias al apoyo del Programa Iberm\u00fasicas mediante su l\u00ednea de \u201cAyuda a la circulaci\u00f3n de profesionales de la m\u00fasica\u201d, convocatoria 2024.<\/p>\n<p>&nbsp;<\/p>\n<p>&nbsp;<\/p>\n<ul>\n<li>Jueves 16 de enero, Sal\u00f3n de actos del Club \u201cDoctor Espriu\u201d (Barcelona)<\/li>\n<li>Viernes 17 de enero, Vila Arrufat (Barcelona)<\/li>\n<li>Martes 21 de enero, Shigeru Kawai Center (Madrid)<\/li>\n<li>Jueves 23 de enero, Auditorio Cullell Fabra del Centro Sant Pere (Barcelona)<\/li>\n<\/ul>\n","protected":false},"excerpt":{"rendered":"<p>Chiara D&#8217;Odorico, una de las pianistas sudamericanas m\u00e1s reconocidas a nivel internacional, llevar\u00e1 a cabo, con el apoyo de Iberm\u00fasicas, su Tour Europa 2025 durante el mes de enero presentando en Espa\u00f1a, Italia, Alemania y Austria. &nbsp; Sus Recitales de Piano presentan un cautivador contrapunto de estilos y compositores, destacando la riqueza y diversidad de [&hellip;]<\/p>\n","protected":false},"author":7,"featured_media":21051,"comment_status":"closed","ping_status":"closed","sticky":false,"template":"","format":"standard","meta":{"footnotes":""},"categories":[53],"tags":[],"class_list":["post-21050","post","type-post","status-publish","format-standard","has-post-thumbnail","hentry","category-noticias-generales"],"lang":"es","translations":{"es":21050,"pt":21053},"pll_sync_post":[],"post_mailing_queue_ids":[],"_links":{"self":[{"href":"http:\/\/staging.ibermusicas.org\/index.php\/wp-json\/wp\/v2\/posts\/21050","targetHints":{"allow":["GET"]}}],"collection":[{"href":"http:\/\/staging.ibermusicas.org\/index.php\/wp-json\/wp\/v2\/posts"}],"about":[{"href":"http:\/\/staging.ibermusicas.org\/index.php\/wp-json\/wp\/v2\/types\/post"}],"author":[{"embeddable":true,"href":"http:\/\/staging.ibermusicas.org\/index.php\/wp-json\/wp\/v2\/users\/7"}],"replies":[{"embeddable":true,"href":"http:\/\/staging.ibermusicas.org\/index.php\/wp-json\/wp\/v2\/comments?post=21050"}],"version-history":[{"count":1,"href":"http:\/\/staging.ibermusicas.org\/index.php\/wp-json\/wp\/v2\/posts\/21050\/revisions"}],"predecessor-version":[{"id":21052,"href":"http:\/\/staging.ibermusicas.org\/index.php\/wp-json\/wp\/v2\/posts\/21050\/revisions\/21052"}],"wp:featuredmedia":[{"embeddable":true,"href":"http:\/\/staging.ibermusicas.org\/index.php\/wp-json\/wp\/v2\/media\/21051"}],"wp:attachment":[{"href":"http:\/\/staging.ibermusicas.org\/index.php\/wp-json\/wp\/v2\/media?parent=21050"}],"wp:term":[{"taxonomy":"category","embeddable":true,"href":"http:\/\/staging.ibermusicas.org\/index.php\/wp-json\/wp\/v2\/categories?post=21050"},{"taxonomy":"post_tag","embeddable":true,"href":"http:\/\/staging.ibermusicas.org\/index.php\/wp-json\/wp\/v2\/tags?post=21050"}],"curies":[{"name":"wp","href":"https:\/\/api.w.org\/{rel}","templated":true}]}}