{"id":21053,"date":"2024-12-27T19:32:42","date_gmt":"2024-12-27T19:32:42","guid":{"rendered":"http:\/\/staging.ibermusicas.org\/?p=21053"},"modified":"2025-02-27T16:41:18","modified_gmt":"2025-02-27T16:41:18","slug":"a-pianista-paraguaia-chiara-dodorico-fara-uma-nova-turne-pela-europa","status":"publish","type":"post","link":"http:\/\/staging.ibermusicas.org\/index.php\/a-pianista-paraguaia-chiara-dodorico-fara-uma-nova-turne-pela-europa\/","title":{"rendered":"A pianista paraguaia Chiara D&#8217;Odorico far\u00e1 uma nova turn\u00ea pela Europa"},"content":{"rendered":"<p>Chiara D&#8217;Odorico, uma das pianistas sul-americanas mais aclamadas internacionalmente, realizar\u00e1, com o apoio do Iberm\u00fasicas, sua turn\u00ea Europa 2025 durante o m\u00eas de janeiro, apresentando-se na Espanha, It\u00e1lia, Alemanha e \u00c1ustria.<\/p>\n<p>&nbsp;<\/p>\n<p>Seus Recitais de Piano apresentam um cativante contraponto de estilos e compositores, destacando a riqueza e a diversidade das tradi\u00e7\u00f5es musicais da Europa e da Am\u00e9rica Latina. Com o eixo tem\u00e1tico \u201cDi\u00e1logos e igualdade entre a m\u00fasica paraguaia e europeia\u201d, esses concertos buscam colocar a m\u00fasica paraguaia no mesmo n\u00edvel da m\u00fasica europeia, integrando-a por meio de suas diferen\u00e7as e semelhan\u00e7as.<\/p>\n<p>&nbsp;<\/p>\n<p>Muitas das pe\u00e7as inclu\u00eddas no programa ter\u00e3o sua estreia na Europa, consolidando o compromisso da pianista com a divulga\u00e7\u00e3o de repert\u00f3rio in\u00e9dito. Al\u00e9m disso, seu \u00e1lbum mais recente, \u201cA\u00f1oranza\u201d, apresenta obras nunca antes gravadas que agora ser\u00e3o executadas ao vivo pela primeira vez no continente europeu.<\/p>\n<p>&nbsp;<\/p>\n<p>Uma se\u00e7\u00e3o especial do programa, dedicada a obras para piano a quatro m\u00e3os, contar\u00e1 com a participa\u00e7\u00e3o do pianista argentino David Lonardi como artista convidado, ampliando assim a dimens\u00e3o art\u00edstica e o di\u00e1logo dessa turn\u00ea.<\/p>\n<p>&nbsp;<\/p>\n<p>A etapa espanhola desta turn\u00ea de Chiara D&#8217;Odorico \u00e9 poss\u00edvel gra\u00e7as ao apoio do Programa Iberm\u00fasicas atrav\u00e9s da sua linha de \u201cApoio \u00e0 circula\u00e7\u00e3o de profissionais da m\u00fasica\u201d, convocat\u00f3ria 2024.<\/p>\n<p>&nbsp;<\/p>\n<p>&nbsp;<\/p>\n<ul>\n<li>Quinta-feira, 16 de janeiro, Audit\u00f3rio do Clube \u201cDoctor Espriu\u201d (Barcelona)<\/li>\n<li>Sexta-feira, 17 de janeiro, Vila Arrufat (Barcelona)<\/li>\n<li>Ter\u00e7a-feira, 21 de janeiro, Centro Shigeru Kawai (Madri)<\/li>\n<li>Quinta-feira, 23 de janeiro, Audit\u00f3rio Cullell Fabra do Centro Sant Pere (Barcelona)<\/li>\n<\/ul>\n","protected":false},"excerpt":{"rendered":"<p>Chiara D&#8217;Odorico, uma das pianistas sul-americanas mais aclamadas internacionalmente, realizar\u00e1, com o apoio do Iberm\u00fasicas, sua turn\u00ea Europa 2025 durante o m\u00eas de janeiro, apresentando-se na Espanha, It\u00e1lia, Alemanha e \u00c1ustria. &nbsp; Seus Recitais de Piano apresentam um cativante contraponto de estilos e compositores, destacando a riqueza e a diversidade das tradi\u00e7\u00f5es musicais da Europa [&hellip;]<\/p>\n","protected":false},"author":7,"featured_media":21051,"comment_status":"closed","ping_status":"closed","sticky":false,"template":"","format":"standard","meta":{"footnotes":""},"categories":[218],"tags":[],"class_list":["post-21053","post","type-post","status-publish","format-standard","has-post-thumbnail","hentry","category-noticias-generales-pt"],"lang":"pt","translations":{"pt":21053,"es":21050},"pll_sync_post":[],"post_mailing_queue_ids":[],"_links":{"self":[{"href":"http:\/\/staging.ibermusicas.org\/index.php\/wp-json\/wp\/v2\/posts\/21053","targetHints":{"allow":["GET"]}}],"collection":[{"href":"http:\/\/staging.ibermusicas.org\/index.php\/wp-json\/wp\/v2\/posts"}],"about":[{"href":"http:\/\/staging.ibermusicas.org\/index.php\/wp-json\/wp\/v2\/types\/post"}],"author":[{"embeddable":true,"href":"http:\/\/staging.ibermusicas.org\/index.php\/wp-json\/wp\/v2\/users\/7"}],"replies":[{"embeddable":true,"href":"http:\/\/staging.ibermusicas.org\/index.php\/wp-json\/wp\/v2\/comments?post=21053"}],"version-history":[{"count":1,"href":"http:\/\/staging.ibermusicas.org\/index.php\/wp-json\/wp\/v2\/posts\/21053\/revisions"}],"predecessor-version":[{"id":21054,"href":"http:\/\/staging.ibermusicas.org\/index.php\/wp-json\/wp\/v2\/posts\/21053\/revisions\/21054"}],"wp:featuredmedia":[{"embeddable":true,"href":"http:\/\/staging.ibermusicas.org\/index.php\/wp-json\/wp\/v2\/media\/21051"}],"wp:attachment":[{"href":"http:\/\/staging.ibermusicas.org\/index.php\/wp-json\/wp\/v2\/media?parent=21053"}],"wp:term":[{"taxonomy":"category","embeddable":true,"href":"http:\/\/staging.ibermusicas.org\/index.php\/wp-json\/wp\/v2\/categories?post=21053"},{"taxonomy":"post_tag","embeddable":true,"href":"http:\/\/staging.ibermusicas.org\/index.php\/wp-json\/wp\/v2\/tags?post=21053"}],"curies":[{"name":"wp","href":"https:\/\/api.w.org\/{rel}","templated":true}]}}