{"id":21055,"date":"2024-12-27T19:34:20","date_gmt":"2024-12-27T19:34:20","guid":{"rendered":"http:\/\/staging.ibermusicas.org\/?p=21055"},"modified":"2025-02-27T16:29:19","modified_gmt":"2025-02-27T16:29:19","slug":"la-agrupacion-la-tererema-de-costa-rica-realiza-su-primera-gira-internacional-y-se-presentara-en-la-40-a-edicion-del-festival-jazz-plaza-de-cuba","status":"publish","type":"post","link":"http:\/\/staging.ibermusicas.org\/index.php\/la-agrupacion-la-tererema-de-costa-rica-realiza-su-primera-gira-internacional-y-se-presentara-en-la-40-a-edicion-del-festival-jazz-plaza-de-cuba\/","title":{"rendered":"La agrupaci\u00f3n La Tererema de Costa Rica, realiza su primera gira internacional y se presentar\u00e1 en la 40.\u00aa edici\u00f3n del Festival Jazz Plaza de Cuba"},"content":{"rendered":"<p>La Tererema es una agrupaci\u00f3n musical costarricense que se destaca por su autenticidad y energ\u00eda dentro de la escena musical latina. Al fusionar la riqueza de la m\u00fasica latina con los vibrantes ritmos africanos, han logrado ganarse un espacio en los escenarios m\u00e1s relevantes de Costa Rica y Latinoam\u00e9rica. Su propuesta fresca y juvenil, basada en la fuerza de la timba, ha cautivado tanto a mel\u00f3manos como a bailadores, creando una comunidad que vibra con su m\u00fasica.<\/p>\n<p>&nbsp;<\/p>\n<p>Desde su formaci\u00f3n en 2021, La Tererema ha lanzado sencillos como \u201cSin Patria\u201d (2021), \u201cD\u00eda de Fiesta\u201d (2022), \u201cEsto es Costa Rica\u201d (2022), y el EP \u201cSesiones en el Bosque\u201d, atrayendo a algunos de los int\u00e9rpretes m\u00e1s destacados de la escena latina. La banda ha tenido la oportunidad de presentarse en importantes escenarios de Costa Rica, como el ic\u00f3nico Teatro Nacional y populares venues como Casa Rojas. Actualmente se prepara para su salto internacional, con una participaci\u00f3n en el renombrado evento \u00abJazz Plaza\u00bb Cuba 2025, uno de los festivales m\u00e1s prestigiosos del mundo.<\/p>\n<p>&nbsp;<\/p>\n<p>La agrupaci\u00f3n realizar\u00e1 tres conciertos y brindar\u00e1 una serie de talleres sobre la m\u00fasica costarricense en la ENA y el ISA.<\/p>\n<p>&nbsp;<\/p>\n<p>Esta gira de La Tererema se hace posible gracias al apoyo de Iberm\u00fasicas mediante su l\u00ednea de \u201cAyuda a la circulaci\u00f3n de profesionales de la m\u00fasica\u201d, convocatoria 2024.<\/p>\n<p>&nbsp;<\/p>\n<ul>\n<li>26 de enero al 2 de febrero, 40.\u00aa edici\u00f3n del Festival Jazz Plaza en La Habana, Santa Clara y Santiago de Cuba<\/li>\n<\/ul>\n","protected":false},"excerpt":{"rendered":"<p>La Tererema es una agrupaci\u00f3n musical costarricense que se destaca por su autenticidad y energ\u00eda dentro de la escena musical latina. Al fusionar la riqueza de la m\u00fasica latina con los vibrantes ritmos africanos, han logrado ganarse un espacio en los escenarios m\u00e1s relevantes de Costa Rica y Latinoam\u00e9rica. Su propuesta fresca y juvenil, basada [&hellip;]<\/p>\n","protected":false},"author":7,"featured_media":21056,"comment_status":"closed","ping_status":"closed","sticky":false,"template":"","format":"standard","meta":{"footnotes":""},"categories":[53],"tags":[],"class_list":["post-21055","post","type-post","status-publish","format-standard","has-post-thumbnail","hentry","category-noticias-generales"],"lang":"es","translations":{"es":21055,"pt":21058},"pll_sync_post":[],"post_mailing_queue_ids":[],"_links":{"self":[{"href":"http:\/\/staging.ibermusicas.org\/index.php\/wp-json\/wp\/v2\/posts\/21055","targetHints":{"allow":["GET"]}}],"collection":[{"href":"http:\/\/staging.ibermusicas.org\/index.php\/wp-json\/wp\/v2\/posts"}],"about":[{"href":"http:\/\/staging.ibermusicas.org\/index.php\/wp-json\/wp\/v2\/types\/post"}],"author":[{"embeddable":true,"href":"http:\/\/staging.ibermusicas.org\/index.php\/wp-json\/wp\/v2\/users\/7"}],"replies":[{"embeddable":true,"href":"http:\/\/staging.ibermusicas.org\/index.php\/wp-json\/wp\/v2\/comments?post=21055"}],"version-history":[{"count":1,"href":"http:\/\/staging.ibermusicas.org\/index.php\/wp-json\/wp\/v2\/posts\/21055\/revisions"}],"predecessor-version":[{"id":21057,"href":"http:\/\/staging.ibermusicas.org\/index.php\/wp-json\/wp\/v2\/posts\/21055\/revisions\/21057"}],"wp:featuredmedia":[{"embeddable":true,"href":"http:\/\/staging.ibermusicas.org\/index.php\/wp-json\/wp\/v2\/media\/21056"}],"wp:attachment":[{"href":"http:\/\/staging.ibermusicas.org\/index.php\/wp-json\/wp\/v2\/media?parent=21055"}],"wp:term":[{"taxonomy":"category","embeddable":true,"href":"http:\/\/staging.ibermusicas.org\/index.php\/wp-json\/wp\/v2\/categories?post=21055"},{"taxonomy":"post_tag","embeddable":true,"href":"http:\/\/staging.ibermusicas.org\/index.php\/wp-json\/wp\/v2\/tags?post=21055"}],"curies":[{"name":"wp","href":"https:\/\/api.w.org\/{rel}","templated":true}]}}