{"id":21058,"date":"2024-12-27T19:35:19","date_gmt":"2024-12-27T19:35:19","guid":{"rendered":"http:\/\/staging.ibermusicas.org\/?p=21058"},"modified":"2025-02-27T16:41:08","modified_gmt":"2025-02-27T16:41:08","slug":"o-grupo-la-tererema-da-costa-rica-faz-a-sua-primeira-digressao-internacional-e-actua-na-40a-edicao-do-festival-jazz-plaza-em-cuba","status":"publish","type":"post","link":"http:\/\/staging.ibermusicas.org\/index.php\/o-grupo-la-tererema-da-costa-rica-faz-a-sua-primeira-digressao-internacional-e-actua-na-40a-edicao-do-festival-jazz-plaza-em-cuba\/","title":{"rendered":"O grupo La Tererema, da Costa Rica, faz a sua primeira digress\u00e3o internacional e actua na 40\u00aa edi\u00e7\u00e3o do Festival Jazz Plaza, em Cuba"},"content":{"rendered":"<p>La Tererema \u00e9 um grupo musical costa-riquenho que se destaca pela sua autenticidade e energia no panorama da m\u00fasica latina. Ao fundir a riqueza da m\u00fasica latina com os vibrantes ritmos africanos, conquistou um lugar nos palcos mais importantes da Costa Rica e da Am\u00e9rica Latina. A sua abordagem fresca e jovem, baseada na for\u00e7a da timba, cativou tanto os amantes da m\u00fasica como os dan\u00e7arinos, criando uma comunidade que vibra com a sua m\u00fasica.<\/p>\n<p>&nbsp;<\/p>\n<p>Desde a sua forma\u00e7\u00e3o em 2021, La Tererema lan\u00e7ou singles como \u201cSin Patria\u201d (2021), \u201cD\u00eda de Fiesta\u201d (2022), \u201cEsto es Costa Rica\u201d (2022) e o EP \u201cSesiones en el Bosque\u201d, atraindo alguns dos artistas mais proeminentes da cena latina. A banda teve a oportunidade de atuar em locais importantes da Costa Rica, como o ic\u00f4nico Teatro Nacional e locais populares como a Casa Rojas. Atualmente, prepara-se para a sua estreia internacional, com uma participa\u00e7\u00e3o no famoso evento \u201cJazz Plaza\u201d Cuba 2025, um dos festivais mais prestigiados do mundo.<\/p>\n<p>&nbsp;<\/p>\n<p>O grupo far\u00e1 tr\u00eas concertos e dar\u00e1 uma s\u00e9rie de workshops sobre a m\u00fasica da Costa Rica na ENA e no ISA.<\/p>\n<p>&nbsp;<\/p>\n<p>Essa turn\u00ea de La Tererema \u00e9 poss\u00edvel gra\u00e7as ao apoio do Programa Iberm\u00fasicas por meio de sua linha de \u201cApoio \u00e0 circula\u00e7\u00e3o de profissionais da m\u00fasica\u201d, chamada 2024.<\/p>\n<p>&nbsp;<\/p>\n<ul>\n<li>26 de janeiro a 2 de fevereiro, 40\u00aa edi\u00e7\u00e3o do Festival Jazz Plaza em Havana, Santa Clara e Santiago de Cuba<\/li>\n<\/ul>\n","protected":false},"excerpt":{"rendered":"<p>La Tererema \u00e9 um grupo musical costa-riquenho que se destaca pela sua autenticidade e energia no panorama da m\u00fasica latina. Ao fundir a riqueza da m\u00fasica latina com os vibrantes ritmos africanos, conquistou um lugar nos palcos mais importantes da Costa Rica e da Am\u00e9rica Latina. A sua abordagem fresca e jovem, baseada na for\u00e7a [&hellip;]<\/p>\n","protected":false},"author":7,"featured_media":21056,"comment_status":"closed","ping_status":"closed","sticky":false,"template":"","format":"standard","meta":{"footnotes":""},"categories":[218],"tags":[],"class_list":["post-21058","post","type-post","status-publish","format-standard","has-post-thumbnail","hentry","category-noticias-generales-pt"],"lang":"pt","translations":{"pt":21058,"es":21055},"pll_sync_post":[],"post_mailing_queue_ids":[],"_links":{"self":[{"href":"http:\/\/staging.ibermusicas.org\/index.php\/wp-json\/wp\/v2\/posts\/21058","targetHints":{"allow":["GET"]}}],"collection":[{"href":"http:\/\/staging.ibermusicas.org\/index.php\/wp-json\/wp\/v2\/posts"}],"about":[{"href":"http:\/\/staging.ibermusicas.org\/index.php\/wp-json\/wp\/v2\/types\/post"}],"author":[{"embeddable":true,"href":"http:\/\/staging.ibermusicas.org\/index.php\/wp-json\/wp\/v2\/users\/7"}],"replies":[{"embeddable":true,"href":"http:\/\/staging.ibermusicas.org\/index.php\/wp-json\/wp\/v2\/comments?post=21058"}],"version-history":[{"count":1,"href":"http:\/\/staging.ibermusicas.org\/index.php\/wp-json\/wp\/v2\/posts\/21058\/revisions"}],"predecessor-version":[{"id":21059,"href":"http:\/\/staging.ibermusicas.org\/index.php\/wp-json\/wp\/v2\/posts\/21058\/revisions\/21059"}],"wp:featuredmedia":[{"embeddable":true,"href":"http:\/\/staging.ibermusicas.org\/index.php\/wp-json\/wp\/v2\/media\/21056"}],"wp:attachment":[{"href":"http:\/\/staging.ibermusicas.org\/index.php\/wp-json\/wp\/v2\/media?parent=21058"}],"wp:term":[{"taxonomy":"category","embeddable":true,"href":"http:\/\/staging.ibermusicas.org\/index.php\/wp-json\/wp\/v2\/categories?post=21058"},{"taxonomy":"post_tag","embeddable":true,"href":"http:\/\/staging.ibermusicas.org\/index.php\/wp-json\/wp\/v2\/tags?post=21058"}],"curies":[{"name":"wp","href":"https:\/\/api.w.org\/{rel}","templated":true}]}}